{"id":18021,"date":"2025-10-12T18:19:08","date_gmt":"2025-10-12T18:19:08","guid":{"rendered":"https:\/\/www.europesays.com\/ee\/18021\/"},"modified":"2025-10-12T18:19:08","modified_gmt":"2025-10-12T18:19:08","slug":"depay-tegi-soomega-sotid-kiiresti-selgeks-tsehhi-kaotas-faari-saartele-soccernet-ee","status":"publish","type":"post","link":"https:\/\/www.europesays.com\/ee\/18021\/","title":{"rendered":"Depay tegi Soomega sotid kiiresti selgeks, T\u0161ehhi kaotas F\u00e4\u00e4ri saartele &#8211; Soccernet.ee"},"content":{"rendered":"<p><img decoding=\"async\" src=\"https:\/\/www.europesays.com\/ee\/wp-content\/uploads\/2025\/10\/1760290043.jpg\" alt=\"Memphis Depay. Foto: Scanpix \/ Olaf Kraak \/ ANP \/ AFP\"\/>&#13;\n<\/p>\n<p>Hollandi koondise r\u00fcndestaar Memphis Depay s\u00e4ras MM-valikm\u00e4ngus Soome vastu \u00fche v\u00e4rava ja kahe v\u00e4ravas\u00f6\u00f6duga.<\/p>\n<p>Holland asus Amsterdamis toimunud m\u00e4ngu kaheksandal minutil juhtima, kui Donyell Malen avas Depay s\u00f6\u00f6du j\u00e4rel kaugl\u00f6\u00f6gist skoori. Depay andis teise v\u00e4ravas\u00f6\u00f6du \u00fcheksa minutit hiljem, kui kapten Virgil van Dijk suunas tema karistusl\u00f6\u00f6gi peaga v\u00e4ravasse. M\u00f5ned minutid enne avapoolaja l\u00f5ppu realiseeris Depay penalti. Teisel poolajal tegi Cody Gakpo kaugl\u00f6\u00f6gist l\u00f5ppseisuks 4:0.&#13;\n<\/p>\n<p>31-aastane Depay oli juba varem Hollandi koondise k\u00f5igi aegade parim v\u00e4ravak\u00fctt, kuid n\u00fc\u00fcd sai temast ka enim v\u00e4ravas\u00f6\u00f6te andnud m\u00e4ngija. Tal on kirjas 54 v\u00e4ravat ja 35 v\u00e4ravas\u00f6\u00f6tu. V\u00e4raval\u00f6\u00f6jate edetabelis on teisel kohal Robin van Persie (50) ja v\u00e4ravas\u00f6\u00f6tude arvestuses Wesley Sneijder (33).&#13;\n<\/p>\n<p>Holland on valikgrupis kogunud kuue m\u00e4nguga 16 punkti ja liigub finaalturniiri suunas. Soome on seitsme m\u00e4nguga teeninud k\u00fcmme punkti ja asub kolmandal kohal. Hollandi ja Soome vahele mahub Poola, kellel on praeguse seisuga samuti k\u00fcmme punkti, aga vaid viis kohtumist m\u00e4ngitud.<\/p>\n<p>T\u0161ehhi sai samal ajal \u0161okk-kaotuse, j\u00e4\u00e4des v\u00f5\u00f5rsil 1:2 alla F\u00e4\u00e4ri saartele. Kodumeeskond haaras 67. minutil juhtohjad, kui kontrar\u00fcnnaku realiseeris Hanus S\u00f6rensen. Adam Karabec l\u00f5i 78. minutil T\u0161ehhi viigiv\u00e4rava, kuid F\u00e4\u00e4ri saared asusid kolm minutit hiljem uuesti juhtima, kui veidi varem vahetusest sekkunud Martin Agnarsson kasutas T\u0161ehhi karistusalas kaitsjate ja v\u00e4ravavahi eksimused \u00e4ra.&#13;\n<\/p>\n<p>T\u0161ehhi j\u00e4tkab sellele vaatamata valikgrupis Horvaatia j\u00e4rel teisel kohal, kuid otse finaalturniirile p\u00e4\u00e4semine on n\u00fc\u00fcd v\u00e4ga keeruline. F\u00e4\u00e4ri saared on kolmandal kohal, kaotades T\u0161ehhile vaid \u00fche punktiga. M\u00f5lemal on j\u00e4\u00e4nud m\u00e4ngida \u00fcks kohtumine, kui T\u0161ehhi kohtub kodus Gibraltariga ja F\u00e4\u00e4ri saared l\u00e4hevad v\u00f5\u00f5rsil vastamisi Horvaatiaga.&#13;\n<\/p>\n<p>&#13;\n<\/p>\n<p>&#13;\n<\/p>\n<p>&#13;\n<\/p>\n<p>&#13;<\/p>\n","protected":false},"excerpt":{"rendered":"&#13; Hollandi koondise r\u00fcndestaar Memphis Depay s\u00e4ras MM-valikm\u00e4ngus Soome vastu \u00fche v\u00e4rava ja kahe v\u00e4ravas\u00f6\u00f6duga. Holland asus Amsterdamis&hellip;\n","protected":false},"author":2,"featured_media":18022,"comment_status":"","ping_status":"","sticky":false,"template":"","format":"standard","meta":{"footnotes":""},"categories":[18],"tags":[10905,37,33,35,34,36,1356,10906,10907,10181,6890,113,10908,159,158],"class_list":{"0":"post-18021","1":"post","2":"type-post","3":"status-publish","4":"format-standard","5":"has-post-thumbnail","7":"category-sport","8":"tag-depay","9":"tag-ee","10":"tag-eesti","11":"tag-eesti-keel","12":"tag-estonia","13":"tag-estonian","14":"tag-holland","15":"tag-hollandi-koondis","16":"tag-memphis-depay","17":"tag-mm-valiksari","18":"tag-mm2026","19":"tag-soome","20":"tag-soome-koondis","21":"tag-sport","22":"tag-sports"},"share_on_mastodon":{"url":"","error":""},"_links":{"self":[{"href":"https:\/\/www.europesays.com\/ee\/wp-json\/wp\/v2\/posts\/18021","targetHints":{"allow":["GET"]}}],"collection":[{"href":"https:\/\/www.europesays.com\/ee\/wp-json\/wp\/v2\/posts"}],"about":[{"href":"https:\/\/www.europesays.com\/ee\/wp-json\/wp\/v2\/types\/post"}],"author":[{"embeddable":true,"href":"https:\/\/www.europesays.com\/ee\/wp-json\/wp\/v2\/users\/2"}],"replies":[{"embeddable":true,"href":"https:\/\/www.europesays.com\/ee\/wp-json\/wp\/v2\/comments?post=18021"}],"version-history":[{"count":0,"href":"https:\/\/www.europesays.com\/ee\/wp-json\/wp\/v2\/posts\/18021\/revisions"}],"wp:featuredmedia":[{"embeddable":true,"href":"https:\/\/www.europesays.com\/ee\/wp-json\/wp\/v2\/media\/18022"}],"wp:attachment":[{"href":"https:\/\/www.europesays.com\/ee\/wp-json\/wp\/v2\/media?parent=18021"}],"wp:term":[{"taxonomy":"category","embeddable":true,"href":"https:\/\/www.europesays.com\/ee\/wp-json\/wp\/v2\/categories?post=18021"},{"taxonomy":"post_tag","embeddable":true,"href":"https:\/\/www.europesays.com\/ee\/wp-json\/wp\/v2\/tags?post=18021"}],"curies":[{"name":"wp","href":"https:\/\/api.w.org\/{rel}","templated":true}]}}