{"id":180214,"date":"2026-05-17T13:21:11","date_gmt":"2026-05-17T13:21:11","guid":{"rendered":"https:\/\/www.europesays.com\/ee\/180214\/"},"modified":"2026-05-17T13:21:11","modified_gmt":"2026-05-17T13:21:11","slug":"prantsusmaal-on-epsteini-vorgustiku-uurimisel-ilmnenud-umbes-10-uut-ohvrit","status":"publish","type":"post","link":"https:\/\/www.europesays.com\/ee\/180214\/","title":{"rendered":"Prantsusmaal on Epsteini v\u00f5rgustiku uurimisel ilmnenud umbes 10 uut ohvrit"},"content":{"rendered":"<p>Prantsusmaal on USA seksuaalkurjategija Jeffrey Epsteini v\u00f5rgustiku uurimisel ilmnenud umbes k\u00fcmme uut arvatavat ohvrit, \u00fctles p\u00fchap\u00e4eval Pariisi prokur\u00f6r.<\/p>\n<p>Prantsusmaa algatas Epsteini v\u00f5rgustikku puudutanud inimkaubanduse osas juurdluse p\u00e4rast seda, kui USA justiitsministeerium avaldas jaanuaris toimikud, mis on seotud endise skandaalse rahastaja.<\/p>\n","protected":false},"excerpt":{"rendered":"Prantsusmaal on USA seksuaalkurjategija Jeffrey Epsteini v\u00f5rgustiku uurimisel ilmnenud umbes k\u00fcmme uut arvatavat ohvrit, \u00fctles p\u00fchap\u00e4eval Pariisi prokur\u00f6r.&hellip;\n","protected":false},"author":2,"featured_media":180215,"comment_status":"","ping_status":"","sticky":false,"template":"","format":"standard","meta":{"footnotes":"","_share_on_mastodon":"0"},"categories":[80],"tags":[26,27,37,33,35,34,36,31,32,21,8614,28,29,95,19,25,52,47585,23,24,22,20,30,92,93,94],"class_list":["post-180214","post","type-post","status-publish","format-standard","has-post-thumbnail","category-maailm","tag-breaking-news","tag-breakingnews","tag-ee","tag-eesti","tag-eesti-keel","tag-estonia","tag-estonian","tag-featured-news","tag-featurednews","tag-headlines","tag-jeffrey-epstein","tag-latest-news","tag-latestnews","tag-maailm","tag-news","tag-populaarseimad-lood","tag-prantsusmaa","tag-seksuaalkurjategija","tag-top-stories","tag-topstories","tag-uldised-uudised","tag-uudised","tag-viimased-uudised","tag-world","tag-world-news","tag-worldnews"],"share_on_mastodon":{"url":"https:\/\/pubeurope.com\/@ee\/116590128867703948","error":""},"_links":{"self":[{"href":"https:\/\/www.europesays.com\/ee\/wp-json\/wp\/v2\/posts\/180214","targetHints":{"allow":["GET"]}}],"collection":[{"href":"https:\/\/www.europesays.com\/ee\/wp-json\/wp\/v2\/posts"}],"about":[{"href":"https:\/\/www.europesays.com\/ee\/wp-json\/wp\/v2\/types\/post"}],"author":[{"embeddable":true,"href":"https:\/\/www.europesays.com\/ee\/wp-json\/wp\/v2\/users\/2"}],"replies":[{"embeddable":true,"href":"https:\/\/www.europesays.com\/ee\/wp-json\/wp\/v2\/comments?post=180214"}],"version-history":[{"count":0,"href":"https:\/\/www.europesays.com\/ee\/wp-json\/wp\/v2\/posts\/180214\/revisions"}],"wp:featuredmedia":[{"embeddable":true,"href":"https:\/\/www.europesays.com\/ee\/wp-json\/wp\/v2\/media\/180215"}],"wp:attachment":[{"href":"https:\/\/www.europesays.com\/ee\/wp-json\/wp\/v2\/media?parent=180214"}],"wp:term":[{"taxonomy":"category","embeddable":true,"href":"https:\/\/www.europesays.com\/ee\/wp-json\/wp\/v2\/categories?post=180214"},{"taxonomy":"post_tag","embeddable":true,"href":"https:\/\/www.europesays.com\/ee\/wp-json\/wp\/v2\/tags?post=180214"}],"curies":[{"name":"wp","href":"https:\/\/api.w.org\/{rel}","templated":true}]}}