{"id":180286,"date":"2026-05-17T15:44:10","date_gmt":"2026-05-17T15:44:10","guid":{"rendered":"https:\/\/www.europesays.com\/ee\/180286\/"},"modified":"2026-05-17T15:44:10","modified_gmt":"2026-05-17T15:44:10","slug":"super-gouram-tegi-hertha-eest-saksamaa-esiliigas-debuudi-soccernet-ee","status":"publish","type":"post","link":"https:\/\/www.europesays.com\/ee\/180286\/","title":{"rendered":"Super! Gouram tegi Hertha eest Saksamaa esiliigas deb\u00fc\u00fcdi &#8211; Soccernet.ee"},"content":{"rendered":"<p><img decoding=\"async\" src=\"https:\/\/www.europesays.com\/ee\/wp-content\/uploads\/2026\/05\/1779027895.jpg\" alt=\"Soufian Gouram. Foto: Liisi Troska \/ jalgpall.ee\"\/>&#13;\n<\/p>\n<p>Eesti U21 koondise poolkaitsja Soufian Gouram kuulus esmakordselt ametlikus m\u00e4ngus Berliini Hertha esindusmeeskonna koosseisu ja p\u00e4\u00e4ses Saksamaa esiliiga viimases voorus vahetusest v\u00e4ljakule.<\/p>\n<p>Hertha kohtus Saksamaa esiliiga ehk 2. Bundesliga hooaja viimases voorus v\u00f5\u00f5rsil Bielefeldi Arminiaga. 20-aastane Gouram alustas kohtumist pingilt, aga p\u00e4\u00e4ses 83. minutil topeltvahetuse k\u00e4igus v\u00e4ljakule, kui Hertha oli 1:4 kaotusseisus. Hertha v\u00f5itis esimese poolaja Linus Gechteri v\u00e4ravast 1:0, aga Arminia l\u00f5i teisel poolajal koguni kuus vastuseta v\u00e4ravat ja lahkus v\u00e4ljakult 6:1 v\u00f5iduga. Gouram m\u00e4ngis viimased k\u00fcmmekond minutit number 10 ehk r\u00fcndava poolkaitsja positsioonil.&#13;\n<\/p>\n<p>Gouram on Hertha s\u00fcsteemis olnud juba aastaid ja j\u00f5udnud erinevate noortev\u00f5istkondade kaudu esindusmeeskonda. K\u00e4imasoleval hooajal on Gouram m\u00e4nginud Hertha duubelmeeskonna eest Saksamaa tugevuselt neljandas liigas, saades 20 m\u00e4nguga kirja neli v\u00e4ravat ja neli v\u00e4ravas\u00f6\u00f6tu. Ta on esindusmeeskonnaga korduvalt treeninud ja t\u00e4navu talvepausi ajal kutsuti eestlane esimest korda ka esinduse treeninglaagrisse, kus Gouram p\u00e4\u00e4ses mitteametlikus m\u00e4ngus v\u00e4ljakule. N\u00fc\u00fcd on Gouramil ka ametlik m\u00e4ng ja deb\u00fc\u00fct Saksamaa esiliigas Hertha eest kirjas.&#13;\n<\/p>\n<p>Hertha andis sel neljap\u00e4eval teada, et Gouramiga s\u00f5lmiti aastane profileping.\u00a0Tegu ei olnud otseselt uue lepinguga &#8211; nimelt oli Herthal v\u00f5imalik kasutada Gourami suhtes aastast optsiooni. &#8220;Soufianist on saanud meie U23 meeskonnas sel hooajal v\u00f5tmem\u00e4ngija ning on regulaarselt treeninud esindusmeeskonnaga,&#8221; s\u00f5nas klubi kodulehele Hertha spordidirektor Benjamin Weber. &#8220;Meile on meeldinud, kuidas ta on v\u00f5imalusest kinni haaranud ja j\u00e4lgime huviga tema edasist arengut.&#8221;<\/p>\n","protected":false},"excerpt":{"rendered":"&#13; Eesti U21 koondise poolkaitsja Soufian Gouram kuulus esmakordselt ametlikus m\u00e4ngus Berliini Hertha esindusmeeskonna koosseisu ja p\u00e4\u00e4ses Saksamaa&hellip;\n","protected":false},"author":2,"featured_media":180259,"comment_status":"","ping_status":"","sticky":false,"template":"","format":"standard","meta":{"footnotes":"","_share_on_mastodon":"0"},"categories":[18],"tags":[19133,37,33,35,34,36,14767,14768,51,39184,1634,159,158],"class_list":["post-180286","post","type-post","status-publish","format-standard","has-post-thumbnail","category-sport","tag-berliini-hertha","tag-ee","tag-eesti","tag-eesti-keel","tag-estonia","tag-estonian","tag-gouram","tag-hertha","tag-saksamaa","tag-saksamaa-esiliiga","tag-soufian-gouram","tag-sport","tag-sports"],"share_on_mastodon":{"url":"https:\/\/pubeurope.com\/@ee\/116590691323660534","error":""},"_links":{"self":[{"href":"https:\/\/www.europesays.com\/ee\/wp-json\/wp\/v2\/posts\/180286","targetHints":{"allow":["GET"]}}],"collection":[{"href":"https:\/\/www.europesays.com\/ee\/wp-json\/wp\/v2\/posts"}],"about":[{"href":"https:\/\/www.europesays.com\/ee\/wp-json\/wp\/v2\/types\/post"}],"author":[{"embeddable":true,"href":"https:\/\/www.europesays.com\/ee\/wp-json\/wp\/v2\/users\/2"}],"replies":[{"embeddable":true,"href":"https:\/\/www.europesays.com\/ee\/wp-json\/wp\/v2\/comments?post=180286"}],"version-history":[{"count":0,"href":"https:\/\/www.europesays.com\/ee\/wp-json\/wp\/v2\/posts\/180286\/revisions"}],"wp:featuredmedia":[{"embeddable":true,"href":"https:\/\/www.europesays.com\/ee\/wp-json\/wp\/v2\/media\/180259"}],"wp:attachment":[{"href":"https:\/\/www.europesays.com\/ee\/wp-json\/wp\/v2\/media?parent=180286"}],"wp:term":[{"taxonomy":"category","embeddable":true,"href":"https:\/\/www.europesays.com\/ee\/wp-json\/wp\/v2\/categories?post=180286"},{"taxonomy":"post_tag","embeddable":true,"href":"https:\/\/www.europesays.com\/ee\/wp-json\/wp\/v2\/tags?post=180286"}],"curies":[{"name":"wp","href":"https:\/\/api.w.org\/{rel}","templated":true}]}}