{"id":180300,"date":"2026-05-17T16:17:09","date_gmt":"2026-05-17T16:17:09","guid":{"rendered":"https:\/\/www.europesays.com\/ee\/180300\/"},"modified":"2026-05-17T16:17:09","modified_gmt":"2026-05-17T16:17:09","slug":"super-gouram-tegi-hertha-eest-saksamaa-esiliigas-debuudi-elversbergi-muinasjutt-soccernet-ee","status":"publish","type":"post","link":"https:\/\/www.europesays.com\/ee\/180300\/","title":{"rendered":"Super! Gouram tegi Hertha eest Saksamaa esiliigas deb\u00fc\u00fcdi (+ Elversbergi muinasjutt!) &#8211; Soccernet.ee"},"content":{"rendered":"<p><img decoding=\"async\" src=\"https:\/\/www.europesays.com\/ee\/wp-content\/uploads\/2026\/05\/1779027895.jpg\" alt=\"Soufian Gouram. Foto: Liisi Troska \/ jalgpall.ee\"\/>&#13;\n<\/p>\n<p>Eesti U21 koondise poolkaitsja Soufian Gouram kuulus esmakordselt ametlikus m\u00e4ngus Berliini Hertha esindusmeeskonna koosseisu ja p\u00e4\u00e4ses Saksamaa esiliiga viimases voorus vahetusest v\u00e4ljakule.<\/p>\n<p>Hertha kohtus Saksamaa esiliiga ehk 2. Bundesliga hooaja viimases voorus v\u00f5\u00f5rsil Bielefeldi Arminiaga. 20-aastane Gouram alustas kohtumist pingilt, aga p\u00e4\u00e4ses 83. minutil topeltvahetuse k\u00e4igus v\u00e4ljakule, kui Hertha oli 1:4 kaotusseisus. Hertha v\u00f5itis esimese poolaja Linus Gechteri v\u00e4ravast 1:0, aga Arminia l\u00f5i teisel poolajal koguni kuus vastuseta v\u00e4ravat ja lahkus v\u00e4ljakult 6:1 v\u00f5iduga. Gouram m\u00e4ngis viimased k\u00fcmmekond minutit number 10 ehk r\u00fcndava poolkaitsja positsioonil.&#13;\n<\/p>\n<p>Gouram on Hertha s\u00fcsteemis olnud juba aastaid ja j\u00f5udnud erinevate noortev\u00f5istkondade kaudu esindusmeeskonda. K\u00e4imasoleval hooajal on Gouram m\u00e4nginud Hertha duubelmeeskonna eest Saksamaa tugevuselt neljandas liigas, saades 20 m\u00e4nguga kirja neli v\u00e4ravat ja neli v\u00e4ravas\u00f6\u00f6tu. Ta on esindusmeeskonnaga korduvalt treeninud ja t\u00e4navu talvepausi ajal kutsuti eestlane esimest korda ka esinduse treeninglaagrisse, kus Gouram p\u00e4\u00e4ses mitteametlikus m\u00e4ngus v\u00e4ljakule. N\u00fc\u00fcd on Gouramil ka ametlik m\u00e4ng ja deb\u00fc\u00fct Saksamaa esiliigas Hertha eest kirjas.&#13;\n<\/p>\n<p>Hertha andis sel neljap\u00e4eval teada, et Gouramiga s\u00f5lmiti aastane profileping.\u00a0Tegu ei olnud otseselt uue lepinguga &#8211; nimelt oli Herthal v\u00f5imalik kasutada Gourami suhtes aastast optsiooni. &#8220;Soufianist on saanud meie U23 meeskonnas sel hooajal v\u00f5tmem\u00e4ngija ning on regulaarselt treeninud esindusmeeskonnaga,&#8221; s\u00f5nas klubi kodulehele Hertha spordidirektor Benjamin Weber. &#8220;Meile on meeldinud, kuidas ta on v\u00f5imalusest kinni haaranud ja j\u00e4lgime huviga tema edasist arengut.&#8221;<\/p>\n<p>Elversbergi muinasjutt&#13;\n<\/p>\n<p>Hertha sai Saksamaa esiliigas seitsmenda koha, kaotades liigav\u00f5idu teeninud Schalkele 19 ja teisena otse Bundesligasse t\u00f5usnud Elversbergile 11 punktiga. Paderborn kogus kolmandana sama palju punkte kui Elversberg, aga j\u00e4i halvema v\u00e4ravate vahe t\u00f5ttu Bundesliga otsep\u00e4\u00e4smest ilma. Paderborni ootavad ees \u00fcleminekum\u00e4ngud Wolfsburgiga, kes sai k\u00f5rgliigas St. Pauli ja Heidenheimi ees 16. koha.&#13;\n<\/p>\n<p>Kui seitsmekordne Saksamaa meister Schalke naaseb Bundesligase p\u00e4rast hooaega 2022\/2023, siis Elversberg ei ole varem k\u00f5rgseltskonnas m\u00e4nginud. Elversberg m\u00e4ngis alles hooajal 2021\/2022 tugevuselt neljandas liigas ehk Regionalligas ja t\u00f5usis 2023. aastal esmakordselt esiliigasse, kus esimesel hooajal saadi 11. koht, aga teisel hooajal juba kolmas koht, kuid \u00fcleminekum\u00e4ngudel kaotati 90+5. minuti v\u00e4ravast Heidenheimile. Kolmandal hooajal kindlustati otsep\u00e4\u00e4se Bundesligasse.&#13;\n<\/p>\n<blockquote class=\"twitter-tweet\"><p>&#13;<\/p>\n<p lang=\"en\" dir=\"ltr\">\ud83d\udea8\ud83c\udde9\ud83c\uddea \ud835\udc0e\ud835\udc05\ud835\udc05\ud835\udc08\ud835\udc02\ud835\udc08\ud835\udc00\ud835\udc0b | For the FIRST time in history, SV Elversberg will play in the Bundesliga! They have been promoted. \u2705 <\/p>\n<p>Incredible achievement for them. In 2021-22 season, they were playing in the 4th division. \ud83e\udd2f <a href=\"https:\/\/t.co\/SiAf7lp8Ao\" rel=\"nofollow\">pic.twitter.com\/SiAf7lp8Ao<\/a>&#13;<br \/>\n\u2014 EuroFoot (@eurofootcom) <a href=\"https:\/\/twitter.com\/eurofootcom\/status\/2056034889376338053?ref_src=twsrc%5Etfw\" rel=\"nofollow noopener\" target=\"_blank\">May 17, 2026<\/a><\/p>\n<\/blockquote>\n<blockquote class=\"twitter-tweet\"><p>&#13;<\/p>\n<p lang=\"en\" dir=\"ltr\">\ud835\udc16\ud835\udc1e\ud835\udc25\ud835\udc1c\ud835\udc28\ud835\udc26\ud835\udc1e \ud835\udc2d\ud835\udc28 \ud835\udc2d\ud835\udc21\ud835\udc1e \ud835\udc01\ud835\udc2e\ud835\udc27\ud835\udc1d\ud835\udc1e\ud835\udc2c\ud835\udc25\ud835\udc22\ud835\udc20\ud835\udc1a \ud83d\udd25<\/p>\n<p>Elversberg has:<\/p>\n<p>\u274c No train station \ud83d\ude83<br \/>&#13;<br \/>\n\u274c No town hall \ud83c\udfe6<br \/>&#13;<br \/>\n\u2705 One talented football team \ud83c\udfdf\ufe0f<\/p>\n<p>SV Elversberg have been promoted to the Bundesliga and are the &#8220;smallest&#8221; club to ever play in Germany&#8217;s top flight. <\/p>\n<p>What a story! <a href=\"https:\/\/t.co\/OdOzPgpADN\" rel=\"nofollow\">pic.twitter.com\/OdOzPgpADN<\/a>&#13;<br \/>\n\u2014 DW Sports (@dw_sports) <a href=\"https:\/\/twitter.com\/dw_sports\/status\/2056038170588860546?ref_src=twsrc%5Etfw\" rel=\"nofollow noopener\" target=\"_blank\">May 17, 2026<\/a><\/p>\n<\/blockquote>\n<p>          <script async src=\"https:\/\/platform.twitter.com\/widgets.js\" charset=\"utf-8\"><\/script><\/p>\n","protected":false},"excerpt":{"rendered":"&#13; Eesti U21 koondise poolkaitsja Soufian Gouram kuulus esmakordselt ametlikus m\u00e4ngus Berliini Hertha esindusmeeskonna koosseisu ja p\u00e4\u00e4ses Saksamaa&hellip;\n","protected":false},"author":2,"featured_media":180259,"comment_status":"","ping_status":"","sticky":false,"template":"","format":"standard","meta":{"footnotes":"","_share_on_mastodon":"0"},"categories":[18],"tags":[19133,37,33,35,34,36,14767,14768,51,39184,1634,159,158],"class_list":["post-180300","post","type-post","status-publish","format-standard","has-post-thumbnail","category-sport","tag-berliini-hertha","tag-ee","tag-eesti","tag-eesti-keel","tag-estonia","tag-estonian","tag-gouram","tag-hertha","tag-saksamaa","tag-saksamaa-esiliiga","tag-soufian-gouram","tag-sport","tag-sports"],"share_on_mastodon":{"url":"https:\/\/pubeurope.com\/@ee\/116590821073648881","error":""},"_links":{"self":[{"href":"https:\/\/www.europesays.com\/ee\/wp-json\/wp\/v2\/posts\/180300","targetHints":{"allow":["GET"]}}],"collection":[{"href":"https:\/\/www.europesays.com\/ee\/wp-json\/wp\/v2\/posts"}],"about":[{"href":"https:\/\/www.europesays.com\/ee\/wp-json\/wp\/v2\/types\/post"}],"author":[{"embeddable":true,"href":"https:\/\/www.europesays.com\/ee\/wp-json\/wp\/v2\/users\/2"}],"replies":[{"embeddable":true,"href":"https:\/\/www.europesays.com\/ee\/wp-json\/wp\/v2\/comments?post=180300"}],"version-history":[{"count":0,"href":"https:\/\/www.europesays.com\/ee\/wp-json\/wp\/v2\/posts\/180300\/revisions"}],"wp:featuredmedia":[{"embeddable":true,"href":"https:\/\/www.europesays.com\/ee\/wp-json\/wp\/v2\/media\/180259"}],"wp:attachment":[{"href":"https:\/\/www.europesays.com\/ee\/wp-json\/wp\/v2\/media?parent=180300"}],"wp:term":[{"taxonomy":"category","embeddable":true,"href":"https:\/\/www.europesays.com\/ee\/wp-json\/wp\/v2\/categories?post=180300"},{"taxonomy":"post_tag","embeddable":true,"href":"https:\/\/www.europesays.com\/ee\/wp-json\/wp\/v2\/tags?post=180300"}],"curies":[{"name":"wp","href":"https:\/\/api.w.org\/{rel}","templated":true}]}}