{"id":180309,"date":"2026-05-17T16:39:07","date_gmt":"2026-05-17T16:39:07","guid":{"rendered":"https:\/\/www.europesays.com\/ee\/180309\/"},"modified":"2026-05-17T16:39:07","modified_gmt":"2026-05-17T16:39:07","slug":"motogp-etappi-jai-varjutama-mitu-rasket-kukkumist-motosport","status":"publish","type":"post","link":"https:\/\/www.europesays.com\/ee\/180309\/","title":{"rendered":"MotoGP etappi j\u00e4i varjutama mitu rasket kukkumist | Motosport"},"content":{"rendered":"<p>P\u00fchap\u00e4eval toimunud mootorrataste ringrajas\u00f5idu MM-etapp klassis MotoGP kujunes v\u00e4ga s\u00fcndmusterohkeks ja koguni kaks s\u00f5itjat toimetati kukkumiste j\u00e4rel haiglasse kontrolli.<\/p>\n<p>S\u00fcndmused hakkasid hargnema 12. ringil, kui liidrikohal s\u00f5itnud Pedro Acosta (KTM) tsikkel kaotas sirgel ootamatult j\u00f5u ja teist positsiooni hoidnud Marquez (Gresini) s\u00f5itis talle tagant otsa. Kruusale sattunud Marquez kaotas mootorratta \u00fcle kontrolli ja sai arvatavalt viga, misj\u00e4rel toimetati ta haiglasse.<\/p>\n<p>Intsident t\u00f5i kaasa ka punase lipu, aga p\u00e4rast s\u00f5idu j\u00e4tkumist pidurdas Johann Zarco (LCR Honda) esimeses kurvis liialt hilja ning l\u00fckkas kolme s\u00f5itja kokkup\u00f5rkes konkurentsist ka Francesco Bagnaia (Ducati) ja Luca Marini (Honda). Ka Zarco viidi haiglasse kontrolli. Meditsiinimeeskonna teatel olid m\u00f5lemad siiski teadvusel.<\/p>\n<p>P\u00e4rast s\u00f5idu teist kordusstarti draama j\u00e4tkas. MM-sarja \u00fcldliidri koha eest v\u00f5itlevale Jorge Martinile s\u00f5itis otsa Raul Fernandez (Trackhouse), mist\u00f5ttu Martin kukkus.<\/p>\n<p>S\u00f5idu l\u00f5puosa \u00f5nnestus k\u00f5ige paremini aga itaallasel Fabio Di Giannantoniol (VR46), kes m\u00f6\u00f6dus viimastel ringidel kahest konkurendist ja sai oma teise esikoha MotoGP sarjas. VR46 tiimi esindaja v\u00f5idutses viimati 2023. aastal Indias.<\/p>\n<p>Teise koha sai Joan Mir (Honda) ja kolmas oli Fermin Aldeguer (Gresini). Parimalt stardikohalt teele asunud Acosta oli enne Di Giannantonio t\u00f5usu ise liidrikohas kinni, kuid tema s\u00f5it l\u00f5ppes siiski \u00f5nnetult, kuna viimasel ringil s\u00f5itsi talle otsa Ai Ogura (Trackhouse) ja hispaanlane liitus kukkujate nimekirjaga.<\/p>\n<p>MM-sarja liidrina j\u00e4tkab p\u00fchap\u00e4eval kuuenda kohaga leppinud Marco Bezzechi (Aprilia), kel on koos 140 silma. Teine on Martin (127) ja kolmas Di Giannantonio (116).<\/p>\n<p>MotoGP j\u00e4rgmine etapp s\u00f5idetakse kahe n\u00e4dala p\u00e4rast Mugellos.<\/p>\n","protected":false},"excerpt":{"rendered":"P\u00fchap\u00e4eval toimunud mootorrataste ringrajas\u00f5idu MM-etapp klassis MotoGP kujunes v\u00e4ga s\u00fcndmusterohkeks ja koguni kaks s\u00f5itjat toimetati kukkumiste j\u00e4rel haiglasse&hellip;\n","protected":false},"author":2,"featured_media":180310,"comment_status":"","ping_status":"","sticky":false,"template":"","format":"standard","meta":{"footnotes":"","_share_on_mastodon":"0"},"categories":[18],"tags":[76395,37,33,35,34,36,80304,4880,159,158],"class_list":["post-180309","post","type-post","status-publish","format-standard","has-post-thumbnail","category-sport","tag-alex-marquez","tag-ee","tag-eesti","tag-eesti-keel","tag-estonia","tag-estonian","tag-johann-zarco","tag-motogp","tag-sport","tag-sports"],"share_on_mastodon":{"url":"https:\/\/pubeurope.com\/@ee\/116590907527325386","error":""},"_links":{"self":[{"href":"https:\/\/www.europesays.com\/ee\/wp-json\/wp\/v2\/posts\/180309","targetHints":{"allow":["GET"]}}],"collection":[{"href":"https:\/\/www.europesays.com\/ee\/wp-json\/wp\/v2\/posts"}],"about":[{"href":"https:\/\/www.europesays.com\/ee\/wp-json\/wp\/v2\/types\/post"}],"author":[{"embeddable":true,"href":"https:\/\/www.europesays.com\/ee\/wp-json\/wp\/v2\/users\/2"}],"replies":[{"embeddable":true,"href":"https:\/\/www.europesays.com\/ee\/wp-json\/wp\/v2\/comments?post=180309"}],"version-history":[{"count":0,"href":"https:\/\/www.europesays.com\/ee\/wp-json\/wp\/v2\/posts\/180309\/revisions"}],"wp:featuredmedia":[{"embeddable":true,"href":"https:\/\/www.europesays.com\/ee\/wp-json\/wp\/v2\/media\/180310"}],"wp:attachment":[{"href":"https:\/\/www.europesays.com\/ee\/wp-json\/wp\/v2\/media?parent=180309"}],"wp:term":[{"taxonomy":"category","embeddable":true,"href":"https:\/\/www.europesays.com\/ee\/wp-json\/wp\/v2\/categories?post=180309"},{"taxonomy":"post_tag","embeddable":true,"href":"https:\/\/www.europesays.com\/ee\/wp-json\/wp\/v2\/tags?post=180309"}],"curies":[{"name":"wp","href":"https:\/\/api.w.org\/{rel}","templated":true}]}}