{"id":180516,"date":"2026-05-17T23:16:13","date_gmt":"2026-05-17T23:16:13","guid":{"rendered":"https:\/\/www.europesays.com\/ee\/180516\/"},"modified":"2026-05-17T23:16:13","modified_gmt":"2026-05-17T23:16:13","slug":"ametlik-chelsea-sai-alonsoga-numbrid-klappima-soccernet-ee","status":"publish","type":"post","link":"https:\/\/www.europesays.com\/ee\/180516\/","title":{"rendered":"Ametlik: Chelsea sai Alonsoga numbrid klappima &#8211; Soccernet.ee"},"content":{"rendered":"<p><img decoding=\"async\" src=\"https:\/\/www.europesays.com\/ee\/wp-content\/uploads\/2026\/05\/1768470601.jpg\" alt=\"Xabi Alonso. Foto: Scanpix \/ Susana Vera \/ Reuters\"\/>&#13;\n<\/p>\n<p>Chelsea kinnitas, et j\u00f5udis kokkuleppele Xabi Alonsoga ning hispaanlasest saab 1. juulil nende j\u00e4rgmine peatreener. Osapooled s\u00f5lmisid nelja-aastase lepingu.<\/p>\n<p>&#8220;Chelsea on \u00fcks suurimaid klubisid maailma jalgpallis ning selle suurep\u00e4rase klubi peatreeneriks saamine t\u00e4idab mind tohutu uhkusega,&#8221; kommenteeris Alonso Chelsea kodulehe vahendusel.&#13;\n<\/p>\n<p>&#8220;Minu vestlustest omanike ja direktoritega on selge, et jagame sama ambitsiooni. Tahame \u00fcles ehitada meeskonna, kes suudab v\u00f5istelda j\u00e4rjepidevalt k\u00f5rgeimal tasemel ja v\u00f5idelda tiitlite eest,&#8221; j\u00e4tkas Alonso.&#13;\n<\/p>\n<p>&#8220;Meeskonnas on palju talenti ja potentsiaali, mul saab olema suur au seda juhtida. N\u00fc\u00fcd on fookuses raske t\u00f6\u00f6, \u00f5ige kultuuri loomine ja karikate v\u00f5itmine.&#8221;<\/p>\n<p>44-aastane Alonso alustas k\u00e4imasolevat hooaega Real Madridi t\u00fc\u00fcri juures, kuhu ta siirdus mullu mais Leverkuseni Bayerist. Jaanuaris pani Alonso aga p\u00e4rast Hispaania superkarikafinaalis Barcelonalt saadud kaotust ameti maha.&#13;\n<\/p>\n<p>Chelsea alustas hooaega Enzo Maresca k\u00e4e all, kuid itaallane taandus 1. jaanuaril ametist. N\u00e4dal hiljem m\u00e4\u00e4rati uueks p\u00fcsivaks peatreeneriks Liam Rosenior, kes pidas aga vastu vaid kolm ja pool kuud. Praegu juhendab meeskonda ajutise peatreenerina Calum McFarlane, kelle k\u00e4e all kaotati laup\u00e4eval koduses karikafinaalis 0:1 Manchester Cityle.&#13;\n<\/p>\n<p>Liigatabelis on Chelsea kukkunud \u00fcheksandale reale ja kaks m\u00e4ngu enne hooaja l\u00f5ppu pole neil v\u00f5imalik t\u00f5usta sealt k\u00f5rgemale kui kuuendaks, mis t\u00e4hendab, et Meistrite liiga jalgpalli ei n\u00e4e uuel hooajal Stamford Bridge&#8217;il kindlasti. Kui aga kahest allesj\u00e4\u00e4nud kohtumisest Tottenhami ja Sunderlandiga piisavalt punkte ei korjata, v\u00f5ib klubi uueks hooajaks eurosarjadest \u00fcldse k\u00f5rvale j\u00e4\u00e4da.&#13;\n<\/p>\n<p>Roseniori vallandamise j\u00e4rel v\u00f5ttis Chelsea \u00fchendust terve hulga peatreeneritega, kelle hulgas olid n\u00e4iteks Bournemouthist suvel lahkuv Andoni Iraola, Fulhami eesotsas viimaseid lepingun\u00e4dalaid veetev Marco Silva ja Crystal Palace&#8217;i t\u00fc\u00fcri juurest taanduv Oliver Glasner. Esimeseks valikuks muutus aga kiirelt Alonso ning kuna BBC s\u00f5nul oli huvi vastastikune, j\u00f5uti ka \u00fcsna ruttu p\u00f5him\u00f5ttelise kokkuleppeni.<\/p>\n<p>Kuigi Alonso v\u00f5itis Real Madridis 34 m\u00e4ngust 24, ei suutnud ta endale allutada t\u00e4htm\u00e4ngijaid, kes tahtsid rohkem vabadust ega olnud n\u00f5us leppima Alonso metoodilise stiiliga. Chelsea juhtkond pole aga samuti tuntud kannatlikkuse poolest &#8211; alates Antonio Contest, kes oli aastail 2016-18 ametis veidi \u00fcle kahe aasta, on meeskonda p\u00fcsivate treeneritena juhendada j\u00f5udnud Maurizio Sarri, Frank Lampard, Thomas Tuchel, Graham Potter, taas Lampard, Mauricio Pochettino, Maresca ja Rosenior, lisaks kaks ajutist peatreenerit.\u00a0&#13;\n<\/p>\n<blockquote class=\"twitter-tweet\"><p>&#13;<\/p>\n<p lang=\"en\" dir=\"ltr\">Chelsea Football Club is delighted to announce the appointment of Xabi Alonso as Manager of the Men\u2019s Team. <\/p>\n<p>The Spaniard will begin his role on July 1, 2026, having agreed a four-year contract at Stamford Bridge. <\/p>\n<p>Welcome to Chelsea, Xabi!&#13;<br \/>\n\u2014 Chelsea FC (@ChelseaFC) <a href=\"https:\/\/twitter.com\/ChelseaFC\/status\/2055921389639459068?ref_src=twsrc%5Etfw\" rel=\"nofollow noopener\" target=\"_blank\">May 17, 2026<\/a><\/p>\n<\/blockquote>\n<p>          <script async src=\"https:\/\/platform.twitter.com\/widgets.js\" charset=\"utf-8\"><\/script><\/p>\n","protected":false},"excerpt":{"rendered":"&#13; Chelsea kinnitas, et j\u00f5udis kokkuleppele Xabi Alonsoga ning hispaanlasest saab 1. juulil nende j\u00e4rgmine peatreener. Osapooled s\u00f5lmisid&hellip;\n","protected":false},"author":2,"featured_media":179753,"comment_status":"","ping_status":"","sticky":false,"template":"","format":"standard","meta":{"footnotes":"","_share_on_mastodon":"0"},"categories":[18],"tags":[6597,1098,37,33,35,34,36,1106,609,38773,159,158,6600],"class_list":["post-180516","post","type-post","status-publish","format-standard","has-post-thumbnail","category-sport","tag-alonso","tag-chelsea","tag-ee","tag-eesti","tag-eesti-keel","tag-estonia","tag-estonian","tag-maresca","tag-real-madrid","tag-rosenior","tag-sport","tag-sports","tag-xabi-alonso"],"share_on_mastodon":{"url":"https:\/\/pubeurope.com\/@ee\/116592468708731226","error":""},"_links":{"self":[{"href":"https:\/\/www.europesays.com\/ee\/wp-json\/wp\/v2\/posts\/180516","targetHints":{"allow":["GET"]}}],"collection":[{"href":"https:\/\/www.europesays.com\/ee\/wp-json\/wp\/v2\/posts"}],"about":[{"href":"https:\/\/www.europesays.com\/ee\/wp-json\/wp\/v2\/types\/post"}],"author":[{"embeddable":true,"href":"https:\/\/www.europesays.com\/ee\/wp-json\/wp\/v2\/users\/2"}],"replies":[{"embeddable":true,"href":"https:\/\/www.europesays.com\/ee\/wp-json\/wp\/v2\/comments?post=180516"}],"version-history":[{"count":0,"href":"https:\/\/www.europesays.com\/ee\/wp-json\/wp\/v2\/posts\/180516\/revisions"}],"wp:featuredmedia":[{"embeddable":true,"href":"https:\/\/www.europesays.com\/ee\/wp-json\/wp\/v2\/media\/179753"}],"wp:attachment":[{"href":"https:\/\/www.europesays.com\/ee\/wp-json\/wp\/v2\/media?parent=180516"}],"wp:term":[{"taxonomy":"category","embeddable":true,"href":"https:\/\/www.europesays.com\/ee\/wp-json\/wp\/v2\/categories?post=180516"},{"taxonomy":"post_tag","embeddable":true,"href":"https:\/\/www.europesays.com\/ee\/wp-json\/wp\/v2\/tags?post=180516"}],"curies":[{"name":"wp","href":"https:\/\/api.w.org\/{rel}","templated":true}]}}