{"id":180550,"date":"2026-05-18T02:23:09","date_gmt":"2026-05-18T02:23:09","guid":{"rendered":"https:\/\/www.europesays.com\/ee\/180550\/"},"modified":"2026-05-18T02:23:09","modified_gmt":"2026-05-18T02:23:09","slug":"hispaania-hullumajast-paasesid-lopu-eel-kuus-onnelikku-viimane-voor-selgitab-kaks-kukkujat-soccernet-ee","status":"publish","type":"post","link":"https:\/\/www.europesays.com\/ee\/180550\/","title":{"rendered":"Hispaania hullumajast p\u00e4\u00e4sesid l\u00f5pu eel kuus \u00f5nnelikku, viimane voor selgitab kaks kukkujat &#8211; Soccernet.ee"},"content":{"rendered":"<p><img decoding=\"async\" src=\"https:\/\/www.europesays.com\/ee\/wp-content\/uploads\/2026\/05\/1779047548.jpg\" alt=\"Tabelis kivina kukkunud Espanyol v\u00f5ttis end kaheks otsustavaks m\u00e4nguks kokku. Foto: Scanpix \/ Jesus Diges \/ EPA\"\/>&#13;\n<\/p>\n<p>Hispaania k\u00f5rgliiga p\u00f6\u00f6rasest v\u00f5itlusest p\u00fcsimaj\u00e4\u00e4mise nimel p\u00e4\u00e4sesid 37. voorus nii Rayo Vallecano, Valencia, Espanyol, Athletic Bilbao, Sevilla kui ka Alaves, ent suure l\u00f5ppvaatuse eel on veel hulk neid, kes peavad j\u00e4tkuvalt k\u00fc\u00fcsi n\u00e4rima.<\/p>\n<p>La Liga eelviimasele voorule mindi vastu seisus, kus viis Meistrite liigasse p\u00e4\u00e4sejat &#8211; Barcelona, Real Madrid, Villarreal, Atletico Madrid ja Real Betis &#8211; olid juba selged. Samuti oli klaar, et Real Oviedo kukub viimasena esiliigasse, kuid 8. ja 19. kohta lahutas vaid kuus punkti, mis t\u00e4hendas, et oluline pole mitte ainult iga punkt, vaid ka iga v\u00e4rav. Lisaks arvestatakse Hispaania k\u00f5rgliigas esimese viigilahutajana mitte \u00fcldist v\u00e4ravate vahet, vaid omavahelisi m\u00e4nge, mis muudab jooksva tabeliseisu arvestamise veel keerulisemaks.&#13;\n<\/p>\n<p>Sevilla kaotas k\u00fcll koduv\u00e4ljakul 0:1 Real Madridile, ent tulemused teistes m\u00e4ngudes kindlustasid selle, et neil pole enam v\u00f5imalik k\u00f5rgliigast v\u00e4lja kukkuda. Alaves oli seevastu ise enda saatuse sepp, alistades v\u00f5\u00f5rsil t\u00e4nu Toni Martinezi v\u00e4ravale 1:0 liiga punase laterna Oviedo. Athletic Bilbaole piisas vajaliku punktisummani j\u00f5udmiseks ka 1:1 viigist Celta Vigoga. Rayo Vallecano j\u00f5udis ohutusse tsooni t\u00e4nu 2:0 v\u00f5idule Villarreali \u00fcle ja Valencia oli 4:3 parem Real Sociedadist, kuid l\u00f5puks sobis see tulemus ohtude peletamiseks m\u00f5lemale.&#13;\n<\/p>\n<p>Hooaja esimese poole j\u00e4rel eurokohtade eest v\u00f5idelnud, kuid kalendriaasta vahetumise j\u00e4rel 18 m\u00e4ngust vaid kuus viigipunkti saanud Espanyol leidis eelmises voorus l\u00f5puks ometi v\u00f5idu v\u00f5tmed taas \u00fcles, alistades Athletic Bilbao. N\u00fc\u00fcd avas Carlos Romero v\u00f5\u00f5rsil Osasuna vastu 27. minutul skoori ja ehkki kodumeeskond viigistas teise poolaja alguses, vastas sellele vaid neli minutit hiljem Kike Garcia, l\u00fc\u00fces 2:1 v\u00f5iduv\u00e4rava.<\/p>\n<blockquote class=\"twitter-tweet\"><p>&#13;<\/p>\n<p lang=\"es\" dir=\"ltr\">LA FOTO <a href=\"https:\/\/t.co\/56N5K49mAv\" rel=\"nofollow\">pic.twitter.com\/56N5K49mAv<\/a>&#13;<br \/>\n\u2014 RCD Espanyol de Barcelona (@RCDEspanyol) <a href=\"https:\/\/twitter.com\/RCDEspanyol\/status\/2056096698879840340?ref_src=twsrc%5Etfw\" rel=\"nofollow noopener\" target=\"_blank\">May 17, 2026<\/a><\/p>\n<\/blockquote>\n<p>Levante t\u00f5useb tuhast&#13;\n<\/p>\n<p>Juba avapoolajaga t\u00f5mbas kaardipakist trumbi ka Levante.\u00a0V\u00f5imsat hooaja teist poolt tegeva meeskonna eest s\u00e4ras taas 20-aastane r\u00fcndaja Carlos Espi, kes n\u00e4ppas 32. minutil kaitsjalt palli ja saatis selle Mallorca v\u00e4ravasse.<\/p>\n<p>M\u00e4ngu l\u00f5pp l\u00e4ks veidi jaburaks &#8211; esmalt said 85. minutil punase kaardi nii Levante \u00e4\u00e4rer\u00fcndaja Brugui kui ka Mallorca kaitsja Johan Mojica. Brugui kukkus karistusalas dramaatiliselt ja n\u00f5udis viga, Mojica l\u00e4ks teda juustest p\u00fcsti sikutama, millele Brugui reageeris k\u00e4eliigutusega ning tabas Mojica n\u00e4gu. Peakohtunik n\u00e4itas esialgu m\u00f5lemale kollast kaarti, ent kutsuti siis ekraani juurde ning korduste p\u00f5hjal saadeti m\u00f5lemad m\u00e4ngijad du\u0161i alla.&#13;\n<\/p>\n<p>Kervin Arriaga j\u00f5udis seej\u00e4rel veel l\u00fc\u00fca 2:0 ning Dela eksida penaltil, kuid suures plaanis see enam midagi ei muutnud. Viimasest 12 m\u00e4ngust koguni seitse v\u00f5itnud ning veel kolm viigistanud Levante on p\u00e4\u00e4semisele \u00fclil\u00e4hedal, ent kindluse m\u00f5ttes tuleb neil tulemust teha ka viimases voorus, kui v\u00f5\u00f5rsil m\u00e4ngitakse Real Betisiga.&#13;\n<\/p>\n<blockquote class=\"twitter-tweet\"><p>&#13;<\/p>\n<p lang=\"ca\" dir=\"ltr\">FINAAAAAAAAAAAL<br \/>&#13;<br \/>\nEN EL CIUTAAAAAAAT!!!!!<\/p>\n<p>EN PEU GRANOTES!!!!!!!!!!<a href=\"https:\/\/twitter.com\/hashtag\/LevanteUD?src=hash&amp;ref_src=twsrc%5Etfw\" rel=\"nofollow noopener\" target=\"_blank\">#LevanteUD<\/a> 2-0 <a href=\"https:\/\/twitter.com\/RCD_Mallorca?ref_src=twsrc%5Etfw\" rel=\"nofollow noopener\" target=\"_blank\">@RCD_Mallorca<\/a> <a href=\"https:\/\/twitter.com\/hashtag\/YOCREO?src=hash&amp;ref_src=twsrc%5Etfw\" rel=\"nofollow noopener\" target=\"_blank\">#YOCREO<\/a> \ud83d\udc99\u2764\ufe0f<a href=\"https:\/\/twitter.com\/hashtag\/LevanteUDMallorca?src=hash&amp;ref_src=twsrc%5Etfw\" rel=\"nofollow noopener\" target=\"_blank\">#LevanteUDMallorca<\/a> <a href=\"https:\/\/t.co\/qPs9uJ1rHa\" rel=\"nofollow\">pic.twitter.com\/qPs9uJ1rHa<\/a>&#13;<br \/>\n\u2014 Levante UD (@LevanteUD) <a href=\"https:\/\/twitter.com\/LevanteUD\/status\/2056089454368944619?ref_src=twsrc%5Etfw\" rel=\"nofollow noopener\" target=\"_blank\">May 17, 2026<\/a><\/p>\n<\/blockquote>\n<p>Elche v\u00f5is Getafet v\u00f5\u00f5rustades avapoolaja jooksul koguni kaks korda r\u00f5\u00f5mustada. Esmalt asuti Victor Chusti v\u00e4ravast 19. minutil juhtima ning 39. minutil j\u00e4i Getafe lisaks ka k\u00fcmnekesi, kui keskkaitsja Djene punase kaardiga platsilt minema saadeti. Kuigi rohkem skoori teha ei suudetud, on enne viimase vooru kohtumist Gironaga k\u00f5ik trumbid Elche enda k\u00e4es.<\/p>\n<p>Viimaste n\u00e4dalate suur kaotaja ongi olnud Girona, kes on kukkunud kohutava vormi toel punasesse tsooni. L\u00f5puvoorus piisab neile siiski Elche alistamisest, et taas joone kohale kerkida. M\u00e4rksa keerulisemas seisus on Mallorca, kes v\u00f5ib k\u00fcll Oviedost jagu saada, ent peab lisaks ikkagi lootma ka teiste m\u00e4ngude tulemustele. Seejuures pole neil enam v\u00f5imalik m\u00f6\u00f6duda Levantest, kellega v\u00f5rreldes ollakse omavaheliste m\u00e4ngudega n\u00fc\u00fcd miinuses.&#13;\n<\/p>\n<p>Samuti ollakse keerulises seisus Osasuna vastu, sest m\u00f5lemad omavahelised kohtumised l\u00f5ppesid 2:2 viigiga, j\u00e4rgmine viigilahutaja ehk \u00fcldine v\u00e4ravate vahe on Mallorcal tervelt 8 v\u00f5rra kehvem. K\u00fcll on neil v\u00f5imalik m\u00f6\u00f6duda Elchest &#8211; ent selleks peab Girona viimases voorus kindlasti v\u00f5itma.&#13;\n<\/p>\n<p>Samuti on lahtised veel viimased eurokohad. Celta Vigo hoiab praegu kinni Euroopa liiga p\u00e4\u00e4smest, ent Getafel on veel v\u00f5imalus see endale n\u00e4pata. Getafe enda Konverentsiliiga piletit jahivad samas eesk\u00e4tt Rayo Vallecano ja Valencia, kes on neist vastavalt vaid \u00fche ja kahe punkti kaugusel.&#13;\n<\/p>\n<p><script async src=\"https:\/\/platform.twitter.com\/widgets.js\" charset=\"utf-8\"><\/script><\/p>\n","protected":false},"excerpt":{"rendered":"&#13; Hispaania k\u00f5rgliiga p\u00f6\u00f6rasest v\u00f5itlusest p\u00fcsimaj\u00e4\u00e4mise nimel p\u00e4\u00e4sesid 37. voorus nii Rayo Vallecano, Valencia, Espanyol, Athletic Bilbao, Sevilla&hellip;\n","protected":false},"author":2,"featured_media":180551,"comment_status":"","ping_status":"","sticky":false,"template":"","format":"standard","meta":{"footnotes":"","_share_on_mastodon":"0"},"categories":[18],"tags":[3072,1740,1742,37,33,35,1743,604,34,36,1744,605,110,606,607,7451,1136,159,158],"class_list":["post-180550","post","type-post","status-publish","format-standard","has-post-thumbnail","category-sport","tag-athletic-bilbao","tag-atletico-madrid","tag-celta-vigo","tag-ee","tag-eesti","tag-eesti-keel","tag-elche","tag-espanyol","tag-estonia","tag-estonian","tag-getafe","tag-girona","tag-hispaania","tag-la-liga","tag-levante","tag-mallorca","tag-osasuna","tag-sport","tag-sports"],"share_on_mastodon":{"url":"https:\/\/pubeurope.com\/@ee\/116593204261304039","error":""},"_links":{"self":[{"href":"https:\/\/www.europesays.com\/ee\/wp-json\/wp\/v2\/posts\/180550","targetHints":{"allow":["GET"]}}],"collection":[{"href":"https:\/\/www.europesays.com\/ee\/wp-json\/wp\/v2\/posts"}],"about":[{"href":"https:\/\/www.europesays.com\/ee\/wp-json\/wp\/v2\/types\/post"}],"author":[{"embeddable":true,"href":"https:\/\/www.europesays.com\/ee\/wp-json\/wp\/v2\/users\/2"}],"replies":[{"embeddable":true,"href":"https:\/\/www.europesays.com\/ee\/wp-json\/wp\/v2\/comments?post=180550"}],"version-history":[{"count":0,"href":"https:\/\/www.europesays.com\/ee\/wp-json\/wp\/v2\/posts\/180550\/revisions"}],"wp:featuredmedia":[{"embeddable":true,"href":"https:\/\/www.europesays.com\/ee\/wp-json\/wp\/v2\/media\/180551"}],"wp:attachment":[{"href":"https:\/\/www.europesays.com\/ee\/wp-json\/wp\/v2\/media?parent=180550"}],"wp:term":[{"taxonomy":"category","embeddable":true,"href":"https:\/\/www.europesays.com\/ee\/wp-json\/wp\/v2\/categories?post=180550"},{"taxonomy":"post_tag","embeddable":true,"href":"https:\/\/www.europesays.com\/ee\/wp-json\/wp\/v2\/tags?post=180550"}],"curies":[{"name":"wp","href":"https:\/\/api.w.org\/{rel}","templated":true}]}}