{"id":180555,"date":"2026-05-18T02:34:11","date_gmt":"2026-05-18T02:34:11","guid":{"rendered":"https:\/\/www.europesays.com\/ee\/180555\/"},"modified":"2026-05-18T02:34:11","modified_gmt":"2026-05-18T02:34:11","slug":"diil-on-lahedal-werder-kavatseb-heinast-teha-jargmiseks-hooajaks-esikinda-soccernet-ee","status":"publish","type":"post","link":"https:\/\/www.europesays.com\/ee\/180555\/","title":{"rendered":"Diil on l\u00e4hedal: Werder kavatseb Heinast teha j\u00e4rgmiseks hooajaks esikinda &#8211; Soccernet.ee"},"content":{"rendered":"<p><img decoding=\"async\" src=\"https:\/\/www.europesays.com\/ee\/wp-content\/uploads\/2026\/03\/1763506176.jpg\" alt=\"Kas Karl Jakob Hein j\u00e4tkab Werderis? Foto: Liisi Troska \/ jalgpall.ee\"\/>&#13;\n<\/p>\n<p>Bremeni Werderit p\u00f5hjalikult kajastava v\u00e4ljaande DeichStube v\u00e4itel on klubi l\u00e4hedal sellele, et Eesti koondise puuriluku Karl Jakob Heinaga s\u00f5lmida p\u00fcsiv m\u00e4ngijaleping.<\/p>\n<p>Hein veetis l\u00f5ppeva hooaja Werderis laenul, kuid juba laenulepingut Arsenaliga s\u00f5lmides lisas Werder sinna punkti, mis v\u00f5imaldas neil selle l\u00f5ppedes 24-aastase eestlase kolme miljoni euro eest v\u00e4lja osta. Kuigi Hein veetis jalgpalliaasta endast noorema Mio Backhausi j\u00e4rel teise numbrina ning sai l\u00f5puks Werderi eest platsile vaid kahes s\u00fcgiseses Bundesliga kohtumises, avaldas ta taustal klubi otsustajatele muljet ning v\u00f5ib olla Saksamaal j\u00e4tkamas. Klubi on eestlasega k\u00f5nelustes ning DeichStube andmetel v\u00f5ib diil olla l\u00e4hedal.&#13;\n<\/p>\n<p>Kogu plaan eeldab m\u00f5istagi seda, et Werder suudab suve jooksul 22-aastase Backhausi rahaks teha. Jaapani juurtega Saksa v\u00e4ravavahil on lepingut Werderiga veel kahe hooaja jagu, aga sahistatakse, et suvel v\u00f5ib ta sammu m\u00f5nda suuremasse klubisse kas Saksamaal v\u00f5i mujal edasi teha koguni 15-20 miljoni euro eest, mis on summa, mille Werder hea meelega vastu v\u00f5taks, eriti kui neil on Heina n\u00e4ol v\u00e4\u00e4rt asendaja kohe varnast v\u00f5tta.&#13;\n<\/p>\n<p>Hein on alates m\u00e4rtsikuust ravinud treeningul saadud p\u00f6idlavigastust, mis tema hooaja niiehknaa varakult l\u00f5petas.<\/p>\n<p>34 m\u00e4nguga 32 punkti kogunud Werder l\u00f5petas Bundesliga hooaja 15. kohaga ehk k\u00f5ige viimase meeskonnana, kes otse liigasse p\u00fcsima j\u00e4i.                         <\/p>\n","protected":false},"excerpt":{"rendered":"&#13; Bremeni Werderit p\u00f5hjalikult kajastava v\u00e4ljaande DeichStube v\u00e4itel on klubi l\u00e4hedal sellele, et Eesti koondise puuriluku Karl Jakob&hellip;\n","protected":false},"author":2,"featured_media":133761,"comment_status":"","ping_status":"","sticky":false,"template":"","format":"standard","meta":{"footnotes":"","_share_on_mastodon":"0"},"categories":[18],"tags":[524,526,37,33,35,34,36,7782,536,3910,159,158,539],"class_list":["post-180555","post","type-post","status-publish","format-standard","has-post-thumbnail","category-sport","tag-backhaus","tag-bremeni-werder","tag-ee","tag-eesti","tag-eesti-keel","tag-estonia","tag-estonian","tag-karl-hein","tag-karl-jakob-hein","tag-mio-backhaus","tag-sport","tag-sports","tag-werder"],"share_on_mastodon":{"url":"https:\/\/pubeurope.com\/@ee\/116593247300546233","error":""},"_links":{"self":[{"href":"https:\/\/www.europesays.com\/ee\/wp-json\/wp\/v2\/posts\/180555","targetHints":{"allow":["GET"]}}],"collection":[{"href":"https:\/\/www.europesays.com\/ee\/wp-json\/wp\/v2\/posts"}],"about":[{"href":"https:\/\/www.europesays.com\/ee\/wp-json\/wp\/v2\/types\/post"}],"author":[{"embeddable":true,"href":"https:\/\/www.europesays.com\/ee\/wp-json\/wp\/v2\/users\/2"}],"replies":[{"embeddable":true,"href":"https:\/\/www.europesays.com\/ee\/wp-json\/wp\/v2\/comments?post=180555"}],"version-history":[{"count":0,"href":"https:\/\/www.europesays.com\/ee\/wp-json\/wp\/v2\/posts\/180555\/revisions"}],"wp:featuredmedia":[{"embeddable":true,"href":"https:\/\/www.europesays.com\/ee\/wp-json\/wp\/v2\/media\/133761"}],"wp:attachment":[{"href":"https:\/\/www.europesays.com\/ee\/wp-json\/wp\/v2\/media?parent=180555"}],"wp:term":[{"taxonomy":"category","embeddable":true,"href":"https:\/\/www.europesays.com\/ee\/wp-json\/wp\/v2\/categories?post=180555"},{"taxonomy":"post_tag","embeddable":true,"href":"https:\/\/www.europesays.com\/ee\/wp-json\/wp\/v2\/tags?post=180555"}],"curies":[{"name":"wp","href":"https:\/\/api.w.org\/{rel}","templated":true}]}}