{"id":180558,"date":"2026-05-18T02:45:15","date_gmt":"2026-05-18T02:45:15","guid":{"rendered":"https:\/\/www.europesays.com\/ee\/180558\/"},"modified":"2026-05-18T02:45:15","modified_gmt":"2026-05-18T02:45:15","slug":"liverpooli-ja-barcelona-legendide-lahinguks-valmistuv-klavan-mangis-esiliiga-b-s-70-minutit-pevtsov-keerutas-karistusloogi-ristnurka-soccernet-ee","status":"publish","type":"post","link":"https:\/\/www.europesays.com\/ee\/180558\/","title":{"rendered":"Liverpooli ja Barcelona legendide lahinguks valmistuv Klavan m\u00e4ngis Esiliiga B-s 70 minutit (Pevtsov keerutas karistusl\u00f6\u00f6gi ristnurka!) &#8211; Soccernet.ee"},"content":{"rendered":"<p><img decoding=\"async\" src=\"https:\/\/www.europesays.com\/ee\/wp-content\/uploads\/2026\/05\/1779047441.jpg\" alt=\"Ragnar Klavan. Foto: Kris S\u00fcld\"\/>&#13;\n<\/p>\n<p>Tallinna Kalevi president Ragnar Klavan pidas t\u00e4navu oma kolmanda ametliku m\u00e4ngu, saades Esiliiga B-s jalgadesse 70 minutit, kui Kalevi duubelv\u00f5istkond kaotas 1:2 J\u00f5hvi Phoenixile.<\/p>\n<p>Klavan kuulus algkoosseisu ja vahetati v\u00e4lja 71. minutil, kui seis oli 1:1. Kalev asus laup\u00e4eva \u00f5htul J\u00fcri staadionil toimunud m\u00e4ngu 15. minutil Karl Markus Treumuthi v\u00e4ravast juhtima, kuid vaheajale mindi viigiseisul, sest Jelissei Zahharov viigistas 35. minutil Phoenixi eest. Phoenixile p\u00e4\u00e4stis v\u00f5idupunktid Premium liiga kogemusega Gleb Pevtsov, kes keerutas 74. minutil karistusl\u00f6\u00f6gi ristnurka.\u00a0&#13;\n<\/p>\n<p>Phoenix j\u00e4tkab tabelis kolmandal ja Kalev U21 \u00fcheksandal kohal. Phoenixit edestavad \u00fche punktiga P\u00e4rnu Vaprus U21 ja Tartu Tammeka U21. Vapruse duubel alistas kodus 4:0 Narva Transi duubli ja Tammeka duubel m\u00e4ngis v\u00f5\u00f5rsil 2:2 viiki Tartu Kaleviga. Lisaks olid n\u00e4dalavahetusel v\u00f5idukad Viljandi Tulevik ja Tallinna Levadia U19, kes alistasid v\u00f5\u00f5rsil vastavalt 3:0 Talinna Legioni ja 5:0 Tabasalu.&#13;\n<\/p>\n<p>Klavan on t\u00e4navu m\u00e4nginud Kalevi eest kolm kohtumist, neist kaks Esiliiga B-s Kalev U21 (21. m\u00e4rtsil ja 16. mail) ning \u00fche II liiga B-s Kalev III (25. aprillil) ridades. 40-aastast Klavanit ootab 6. juunil ees j\u00e4rjekordne legendide lahing, kui L\u00f5una-Koreas Soulis kohtuvad Liverpooli ja Barcelona legendid.\u00a0<\/p>\n<p>Lisaks Klavanile on Liverpooli legendidest oma osalemisest teatanud\u00a0Luis Garcia, Jermain Pennant, Jerzy Dudek, John Arne Riise, Martin Skrtel, Sami Hyypi\u00e4, Ryan Babel, Florent Sinama Pongolle ja Sander Westerveld. Barcelona ridades jooksevad v\u00e4ljakule n\u00e4iteks Carles Puyol, Rivaldo, Javier Saviola, Ludovic Giuly, Sergio Busquets, Jordi Alba ja Deco.&#13;<\/p>\n","protected":false},"excerpt":{"rendered":"&#13; Tallinna Kalevi president Ragnar Klavan pidas t\u00e4navu oma kolmanda ametliku m\u00e4ngu, saades Esiliiga B-s jalgadesse 70 minutit,&hellip;\n","protected":false},"author":2,"featured_media":180559,"comment_status":"","ping_status":"","sticky":false,"template":"","format":"standard","meta":{"footnotes":"","_share_on_mastodon":"0"},"categories":[18],"tags":[1741,37,33,35,2463,34,36,43138,5058,10635,807,43140,1342,159,158,1343],"class_list":["post-180558","post","type-post","status-publish","format-standard","has-post-thumbnail","category-sport","tag-barcelona","tag-ee","tag-eesti","tag-eesti-keel","tag-esiliiga-b","tag-estonia","tag-estonian","tag-gleb-pevtsov","tag-kalev-u21","tag-klavan","tag-liverpool","tag-pevtsov","tag-ragnar-klavan","tag-sport","tag-sports","tag-tallinna-kalev"],"share_on_mastodon":{"url":"https:\/\/pubeurope.com\/@ee\/116593290816390384","error":""},"_links":{"self":[{"href":"https:\/\/www.europesays.com\/ee\/wp-json\/wp\/v2\/posts\/180558","targetHints":{"allow":["GET"]}}],"collection":[{"href":"https:\/\/www.europesays.com\/ee\/wp-json\/wp\/v2\/posts"}],"about":[{"href":"https:\/\/www.europesays.com\/ee\/wp-json\/wp\/v2\/types\/post"}],"author":[{"embeddable":true,"href":"https:\/\/www.europesays.com\/ee\/wp-json\/wp\/v2\/users\/2"}],"replies":[{"embeddable":true,"href":"https:\/\/www.europesays.com\/ee\/wp-json\/wp\/v2\/comments?post=180558"}],"version-history":[{"count":0,"href":"https:\/\/www.europesays.com\/ee\/wp-json\/wp\/v2\/posts\/180558\/revisions"}],"wp:featuredmedia":[{"embeddable":true,"href":"https:\/\/www.europesays.com\/ee\/wp-json\/wp\/v2\/media\/180559"}],"wp:attachment":[{"href":"https:\/\/www.europesays.com\/ee\/wp-json\/wp\/v2\/media?parent=180558"}],"wp:term":[{"taxonomy":"category","embeddable":true,"href":"https:\/\/www.europesays.com\/ee\/wp-json\/wp\/v2\/categories?post=180558"},{"taxonomy":"post_tag","embeddable":true,"href":"https:\/\/www.europesays.com\/ee\/wp-json\/wp\/v2\/tags?post=180558"}],"curies":[{"name":"wp","href":"https:\/\/api.w.org\/{rel}","templated":true}]}}