{"id":180635,"date":"2026-05-18T05:21:06","date_gmt":"2026-05-18T05:21:06","guid":{"rendered":"https:\/\/www.europesays.com\/ee\/180635\/"},"modified":"2026-05-18T05:21:06","modified_gmt":"2026-05-18T05:21:06","slug":"ukrainas-lukati-umber-vene-propaganda-valeuudis-olena-zelenska-vahistamise-ettevalmistamise-kohta","status":"publish","type":"post","link":"https:\/\/www.europesays.com\/ee\/180635\/","title":{"rendered":"Ukrainas l\u00fckati \u00fcmber Vene propaganda valeuudis Olena Zelenska vahistamise ettevalmistamise kohta"},"content":{"rendered":"<p>\u201eNABU ja SAP juhivad t\u00e4helepanu Venemaa ja Vene-meelses meedias levitatavale j\u00e4rjekordsele desinformatsioonilainele v\u00e4idetavate \u201ejuurdluste\u201c kohta Ukraina presidendi abikaasa suhtes. See informatsioon ei vasta tegelikkusele. NABU ja SAP ei vii l\u00e4bi mingeid protsessuaalseid toiminguid, millest nimetatud valeuudistes r\u00e4\u00e4gitakse,\u201c \u00f6eldakse NABU teates, mida vahendab Ukrajinska Pravda.<\/p>\n<p>NABU ja SAP-i teatel on sellised valeuudised osa agressorriigi s\u00fcsteemsest desinformatsioonikampaaniast, mis on suunatud Ukraina institutsioonide diskrediteerimisele, usalduse \u00f5\u00f5nestamisele korruptsioonivastaste organite vastu, \u00fchiskodlik-poliitilise olukorra destabiliseerimisele ja Ukraina \u00fchtsuse n\u00f5rgestamisele t\u00e4iemahulise s\u00f5ja tingimustes.<\/p>\n<p>\u201eTeatame, et agressorriigi propaganda levitatavad teated NABU ja SAP-i mingitest protsessuaalsetest toimingutest ja juurdlustest presidendi abikaasa vastu ei vasta tegelikkusele,\u201c teatas ka SAP.<\/p>\n<p>Eile teatas Venemaa riiklik propagandaagentuur RIA Novosti \u201eallikatele Venemaa j\u00f5ustruktuurides\u201c viidates, et NABU ja SAP valmistuvad Zelenskat vahistama.<\/p>\n<p>Kuidas see lugu Sind end tundma pani? Saada <\/p>\n","protected":false},"excerpt":{"rendered":"\u201eNABU ja SAP juhivad t\u00e4helepanu Venemaa ja Vene-meelses meedias levitatavale j\u00e4rjekordsele desinformatsioonilainele v\u00e4idetavate \u201ejuurdluste\u201c kohta Ukraina presidendi abikaasa&hellip;\n","protected":false},"author":2,"featured_media":180636,"comment_status":"","ping_status":"","sticky":false,"template":"","format":"standard","meta":{"footnotes":"","_share_on_mastodon":"0"},"categories":[80],"tags":[26,27,37,33,35,34,36,31,32,21,28,29,95,20082,19,2583,25,20083,23,24,262,22,20,96,30,263,92,93,94],"class_list":["post-180635","post","type-post","status-publish","format-standard","has-post-thumbnail","category-maailm","tag-breaking-news","tag-breakingnews","tag-ee","tag-eesti","tag-eesti-keel","tag-estonia","tag-estonian","tag-featured-news","tag-featurednews","tag-headlines","tag-latest-news","tag-latestnews","tag-maailm","tag-nabu","tag-news","tag-olena-zelenska","tag-populaarseimad-lood","tag-sap","tag-top-stories","tag-topstories","tag-ukraina","tag-uldised-uudised","tag-uudised","tag-venemaa","tag-viimased-uudised","tag-volodomor-zelenskoi","tag-world","tag-world-news","tag-worldnews"],"share_on_mastodon":{"url":"https:\/\/pubeurope.com\/@ee\/116593903958601737","error":""},"_links":{"self":[{"href":"https:\/\/www.europesays.com\/ee\/wp-json\/wp\/v2\/posts\/180635","targetHints":{"allow":["GET"]}}],"collection":[{"href":"https:\/\/www.europesays.com\/ee\/wp-json\/wp\/v2\/posts"}],"about":[{"href":"https:\/\/www.europesays.com\/ee\/wp-json\/wp\/v2\/types\/post"}],"author":[{"embeddable":true,"href":"https:\/\/www.europesays.com\/ee\/wp-json\/wp\/v2\/users\/2"}],"replies":[{"embeddable":true,"href":"https:\/\/www.europesays.com\/ee\/wp-json\/wp\/v2\/comments?post=180635"}],"version-history":[{"count":0,"href":"https:\/\/www.europesays.com\/ee\/wp-json\/wp\/v2\/posts\/180635\/revisions"}],"wp:featuredmedia":[{"embeddable":true,"href":"https:\/\/www.europesays.com\/ee\/wp-json\/wp\/v2\/media\/180636"}],"wp:attachment":[{"href":"https:\/\/www.europesays.com\/ee\/wp-json\/wp\/v2\/media?parent=180635"}],"wp:term":[{"taxonomy":"category","embeddable":true,"href":"https:\/\/www.europesays.com\/ee\/wp-json\/wp\/v2\/categories?post=180635"},{"taxonomy":"post_tag","embeddable":true,"href":"https:\/\/www.europesays.com\/ee\/wp-json\/wp\/v2\/tags?post=180635"}],"curies":[{"name":"wp","href":"https:\/\/api.w.org\/{rel}","templated":true}]}}