{"id":180861,"date":"2026-05-18T09:57:09","date_gmt":"2026-05-18T09:57:09","guid":{"rendered":"https:\/\/www.europesays.com\/ee\/180861\/"},"modified":"2026-05-18T09:57:09","modified_gmt":"2026-05-18T09:57:09","slug":"otse-kell-14-bfm-i-direktorikandidaatide-debatt-film-2","status":"publish","type":"post","link":"https:\/\/www.europesays.com\/ee\/180861\/","title":{"rendered":"Otse kell 14: BFM-i direktorikandidaatide debatt | Film"},"content":{"rendered":"<p>Selle n\u00e4dala l\u00f5pus selgus BFM-i uus direktor, 18. mail aga toimub avalik debatt direktorikandidaatide Ivo Lille ja Riho V\u00e4striku vahel. Kell 14 algavat otse\u00fclekannet saab j\u00e4lgida ka ERR-i kultuuriportaalis.<\/p>\n<p>Ivo Lille on eelnevalt t\u00f6\u00f6tanud Georg Otsa nimelise Tallinna Muusikakooli direktorina ja kultuuriministeeriumi muusikan\u00f5unikuna. Samuti on ta osalenud paljude Eesti muusikaasutuste, sealhulgas Eesti Riikliku S\u00fcmfooniaorkestri, Eesti Filharmoonia Kammerkoori ja Eesti Kontserdi n\u00f5ukogudes. Alates 2024. aastast t\u00f6\u00f6tas Lille okupatsioonide ja vabaduse muuseumi Vabamu tegevjuhina.<\/p>\n<p>Riho V\u00e4strik on olnud BFM-i direktori kohuset\u00e4itja 2025. aasta septembrist. Ta on produtseerinud \u00fcle 50 dokumentaalfilmi, mitmed neist on v\u00f5itnud auhindu rahvusvahelistel festivalidel. BFM-is on ta k\u00e4ivitanud dokumentaalfilmi magistriprogrammi ja \u00f5petanud erinevaid aineid viimased 17 aastat. V\u00e4strik on Eesti Dokumentalistide Gildi asutajaliige ja Eesti Polaarklubi liige.<\/p>\n<p>Direktori valimise l\u00f5ppvoor on reedel, 22. mail kell 11 valivas kogus, kuhu kuuluvad BFM-i n\u00f5ukogu liikmed ja Tallinna \u00dclikooli rektor.\u00a0<\/p>\n","protected":false},"excerpt":{"rendered":"Selle n\u00e4dala l\u00f5pus selgus BFM-i uus direktor, 18. mail aga toimub avalik debatt direktorikandidaatide Ivo Lille ja Riho&hellip;\n","protected":false},"author":2,"featured_media":180854,"comment_status":"","ping_status":"","sticky":false,"template":"","format":"standard","meta":{"footnotes":"","_share_on_mastodon":"0"},"categories":[12],"tags":[11673,26,27,37,33,35,34,36,31,32,21,80012,28,29,19,25,16548,23,24,22,20,30],"class_list":["post-180861","post","type-post","status-publish","format-standard","has-post-thumbnail","category-eesti","tag-bfm","tag-breaking-news","tag-breakingnews","tag-ee","tag-eesti","tag-eesti-keel","tag-estonia","tag-estonian","tag-featured-news","tag-featurednews","tag-headlines","tag-ivo-lille","tag-latest-news","tag-latestnews","tag-news","tag-populaarseimad-lood","tag-riho-vastrik","tag-top-stories","tag-topstories","tag-uldised-uudised","tag-uudised","tag-viimased-uudised"],"share_on_mastodon":{"url":"https:\/\/pubeurope.com\/@ee\/116594989116446497","error":""},"_links":{"self":[{"href":"https:\/\/www.europesays.com\/ee\/wp-json\/wp\/v2\/posts\/180861","targetHints":{"allow":["GET"]}}],"collection":[{"href":"https:\/\/www.europesays.com\/ee\/wp-json\/wp\/v2\/posts"}],"about":[{"href":"https:\/\/www.europesays.com\/ee\/wp-json\/wp\/v2\/types\/post"}],"author":[{"embeddable":true,"href":"https:\/\/www.europesays.com\/ee\/wp-json\/wp\/v2\/users\/2"}],"replies":[{"embeddable":true,"href":"https:\/\/www.europesays.com\/ee\/wp-json\/wp\/v2\/comments?post=180861"}],"version-history":[{"count":0,"href":"https:\/\/www.europesays.com\/ee\/wp-json\/wp\/v2\/posts\/180861\/revisions"}],"wp:featuredmedia":[{"embeddable":true,"href":"https:\/\/www.europesays.com\/ee\/wp-json\/wp\/v2\/media\/180854"}],"wp:attachment":[{"href":"https:\/\/www.europesays.com\/ee\/wp-json\/wp\/v2\/media?parent=180861"}],"wp:term":[{"taxonomy":"category","embeddable":true,"href":"https:\/\/www.europesays.com\/ee\/wp-json\/wp\/v2\/categories?post=180861"},{"taxonomy":"post_tag","embeddable":true,"href":"https:\/\/www.europesays.com\/ee\/wp-json\/wp\/v2\/tags?post=180861"}],"curies":[{"name":"wp","href":"https:\/\/api.w.org\/{rel}","templated":true}]}}