{"id":180905,"date":"2026-05-18T10:54:09","date_gmt":"2026-05-18T10:54:09","guid":{"rendered":"https:\/\/www.europesays.com\/ee\/180905\/"},"modified":"2026-05-18T10:54:09","modified_gmt":"2026-05-18T10:54:09","slug":"sepo-seeman-mu-elu-ainult-ambrites-kolistamisest-koosnebki-vikerraadio","status":"publish","type":"post","link":"https:\/\/www.europesays.com\/ee\/180905\/","title":{"rendered":"Sepo Seeman: mu elu ainult \u00e4mbrites kolistamisest koosnebki | Vikerraadio"},"content":{"rendered":"<p>&#8220;K\u00f5ik mu kolm poega on erinevad. Sass, Oss ja Juss ehk Aleksander, Oskar ja Johannes. Iga\u00fchel on oma rada k\u00e4ia. Sassil ja Jussil on m\u00f5lemal Ameerika \u00fclikooliharidus, aga mida nad sellega peale hakkavad, teavad vaid nad ise, Oss on j\u00e4\u00e4nud Eestisse,&#8221; s\u00f5nas n\u00e4itleja ja meelelahutaja Sepo Seeman.<\/p>\n<p>Juss on Sepo s\u00f5nul profitennisist, kes on praegu teelahkmel ja m\u00f5tleb, mida edasi teha. &#8220;Mina hoogustaks teda takka, et nii kergelt ei tohiks alla anda,&#8221; s\u00f5nas Sepo.<\/p>\n<p>&#8220;Me oleme k\u00f5ik oma loomult ja v\u00e4\u00e4rtushinnangutelt kaunis sarnased, pigem v\u00e4ljapoole inimesed, h\u00e4sti tulised ja kirglikud inimesed, t\u00e4helepanu eest pidevalt v\u00f5itlevad,&#8221; s\u00f5nas Oskar. &#8220;Lauluoskus on meil emalt.&#8221;<\/p>\n<p>Sepo s\u00f5nul on ema poistega rohkem tegelenud ja seep\u00e4rast poegadega l\u00e4hedasem kui tema. &#8220;Teineteisele usaldatakse ilmselt rohkem asju, kui mina tean ja nii on see olnud juba lapsest saadik,&#8221; s\u00f5nas Sepo.<\/p>\n<p>Garderoobikaaslane, kolleeg ja Oskari esimene teatri\u00f5petaja Enn Keerd \u00fctles omal ajal Sepole, Oskarile viidates, et selles poisis on n\u00e4itleja materjali, sest tal on olemas selleks piisav orgaanika. Oskari lavakasse sisseastumiseksamitesse Sepo enda s\u00f5nul k\u00fcll kuidagi ei sekkunud, aga tung kellelegi helistada oli suur, et poja poolt toetust avaldada. &#8220;Keegi k\u00f5rvalt \u00fctles, et \u00e4ra tee seda. Aga see on nii t\u00e4htis otsus, jumal t\u00e4natud, et ma ei teinud seda,&#8221; meenutas Sepo. &#8220;Saatus ise juhtis juga.&#8221;<\/p>\n<p>Sepo lapsep\u00f5lves oli Haapsalu \u00f5udne s\u00f5jav\u00e4elinn<\/p>\n<p>Sepo kasvas Haapsalus. &#8220;Poiste m\u00e4ngud kortermajade hoovis. Mul oli neli aastat noorem vend. Elasime pisikeses korteris. Ema ja isa lahutasid, aga elasime veel m\u00f5ned aastad k\u00f5ik koos, sest kuskile polnud ju minna. Ma olin v\u00e4ike mees, v\u00e4ikest kasvu, sellega oli juba hierarhia paika pandud, mu h\u00fc\u00fcdnimi oli Sepik. Haapsalu oli tol ajal \u00f5udne koht, venelasi oli palju, toimusid kaklused, see oli vastik s\u00f5jav\u00e4elinn. Haapsalu on praegu m\u00f5nus helge ja valge kuurortlinn, kus tahaks omada suvekodu, aga tollal \u00fc\u00fcrgas igal \u00f5htul \u00fcle kogu linna \u00f5hut\u00f5rjesignaal. Toona oli see tavaline loll s\u00f5jav\u00e4elinn,&#8221; meenutas Sepo.<\/p>\n<p>Sepo isa oli lihtne t\u00f6\u00f6mees, ema oli haridust\u00f6\u00f6taja ja t\u00f6\u00f6tas ka parteimajas. &#8220;Nad olid n\u00f5udlikud, aga mingit karmust ei olnud. Vanaema juures tulid k\u00f5ik kokku, tema oli meie pere s\u00fcda,&#8221; nentis Sepo.<\/p>\n<p>&#8220;Meelelahutujaks olemine tuli olude sunnil, \u00e4kki see on alateadlik elluj\u00e4\u00e4mise instinkt. Olen v\u00e4ga palju kaardistanud oma m\u00e4lus ja ajus, kes on l\u00f5busad inimesed, kes paeluvad ja inspireerivad, tahame ju k\u00f5ik nende moodi olla. K\u00f5ik see on olnud loomulik, otsiv, elujaatav elujanu ja teada saada tahtmine ning loomulikult saatus ja juhus,&#8221; m\u00f5tiskles Sepo, kust on p\u00e4rit tema tung olla meelelahutaja.<\/p>\n<p>&#8220;Sepo isa on ka v\u00e4ga vaimuka ja l\u00f5busa suu ja ellusuhtumisega, oskab huumorist leida elujanu ja lohutust ja vanaema Lea on v\u00e4ga v\u00f5imas naine. Meie pere on \u00f5nnistatud p\u00e4ris v\u00f5imsa ajulise masinav\u00e4rgiga, meil on p\u00e4ris v\u00f5imas m\u00e4lu, iseasi kui palju me oleme suutnud seda akadeemilises m\u00f5ttes rakendada,&#8221; \u00fctles Oskar.<\/p>\n<p>Oskari s\u00f5nul samas nende peres \u00fclem\u00e4\u00e4ra palju ei r\u00e4\u00e4gita ega anal\u00fc\u00fcsita. &#8220;Pigem hoitakse asju rohkem seespool ja loodetakse ning eeldatakse, et asjad on s\u00f5nadetagi selged,&#8221; nentis Oskar.<\/p>\n<p>\u00c4mbrid ja sigadused kujundavad eluloo<\/p>\n<p>&#8220;Kui me oleme elu ja tervise juures, luud on terved ja s\u00fcda l\u00f6\u00f6b j\u00e4lle nagu vaja, siis \u00e4mbrid ja sigadused, millest ma olen nipa-napa p\u00e4\u00e4senud ja mis toimuvad siiamaani, kujundavadki m\u00e4lu v\u00f5i meie eluloo. Mu elu koosnebki ainult \u00e4mbritest,&#8221; muheles Sepo &#8220;\u00c4mbreid on nii palju olnud ja need on nii toredad.&#8221;<\/p>\n<p>Sepo meenutas lugusid, kui ta ema-isa autoga lumememmest l\u00e4bi s\u00f5itis ja tuliuue auto esiklaas purunes v\u00f5i kuidas ta Poolas kommide p\u00e4he puljongikuubikuid ostis ja s\u00f5i.<\/p>\n<p>Haapsalu poisina oli Sepo k\u00f5va vehkleja ja tegeles alaga t\u00f5siselt kaheksa-\u00fcheksa aastat. &#8220;Haapsalus oli kaks ala &#8211; kergej\u00f5ustik ja vehklemine, kuhu sa siis paremini sobisid. See oli tore rutiin, suurep\u00e4rased treeningtingimused sel ajal, distsipliin, head s\u00f5brad, poistel oli mingi tegevus, olen v\u00e4ga t\u00e4nulik sellele ajale,&#8221; meenutas Sepo vehklemistrenni. &#8220;Meie omadest on k\u00f5ige kuulsam vehkleja Kaido Kaaberma, kes oli minust paar aastat vanem.&#8221;<\/p>\n<p>Kui koolil\u00f5pp paistis, tuli teha valikuid ja kuna Sepo oli k\u00e4inud kohalikus teatriringis Randlane, tundus teater loogilise valikuna. &#8220;Pedasse saingi sisse,&#8221; lisas Sepo.<\/p>\n<p>Pere elas \u00fcle tule\u00f5nnetuse<\/p>\n<p>Oma tulevase naise ja laste ema Eneli K\u00f5rrega tutvus Sepo samuti Pedas. &#8220;Nii me oleme seda elu ehitanud, pigem t\u00f5usude kui m\u00f5\u00f5nadega ja \u00fclisuurte vedamistega.&#8221;<\/p>\n<p>Sepo meenutas, et \u00fche suure vedamisena \u00f5nnestus perel p\u00e4\u00e4seda tule\u00f5nnetusest, mis nende P\u00e4rnu kodu tabas. &#8220;Maja oli juba vingu t\u00e4is, kui me majast v\u00e4lja saime, aga \u00f5nneks l\u00f5ppes k\u00f5ik h\u00e4sti.&#8221;<\/p>\n<p>Oskar oli toona p\u00e4ris v\u00e4ike koolipoiss. &#8220;M\u00e4letan, et mitu p\u00e4eva p\u00e4rast \u00f5nnetust l\u00e4ksime kogu perega tagasi, et kahjustusi vaadata, ja n\u00e4gin, et k\u00f5ik inimesed olid v\u00e4lisjalan\u00f5udega toas. See oli hetk, kus ma sain aru, et kodu on n\u00fc\u00fcd teise energiaga,&#8221; s\u00f5nas Oskar.<\/p>\n<p>Oskar meenutas, et t\u00f5mbas v\u00e4ikese poisina endale suure raudahju rinna peale. &#8220;Oskar rippus kamina k\u00fcljes ja t\u00f5mbas endale selle peale. Laps pikali seal alla maas, kiirabi tuli, olime haiglas,&#8221; s\u00f5nas Sepo.<\/p>\n<p>Oma lapsep\u00f5lvest m\u00e4letas Oskar, et ema oli kodus ja isa kogu aeg t\u00f6\u00f6l. &#8220;Isa karj\u00e4\u00e4r sai v\u00e4ga varakult hoo sisse,&#8221; nentis Oskar.<\/p>\n<p>Sepo s\u00f5nul on Oskar tema heatahtlikkust ka \u00e4ra kasutanud. Endla teatri kohvikus oli Sepol lahtine arve, et Oskar saaks p\u00e4rast kooli tulla ja midagi sealt s\u00fc\u00fca osta. \u00dchel hetkel l\u00e4ks aga arve p\u00e4ris suureks ja Sepo pidi oma lahkusele natuke pidurit t\u00f5mbama. &#8220;See lugu saadab mind siiamaani,&#8221; muheles Oskar.<\/p>\n<p>Oskar t\u00f5i v\u00e4lja, et tema jaoks on \u00fclioluline s\u00e4ilitada endas v\u00e4ikest last ja teda l\u00e4bi elu kaitsta ning neid inimesi, kes on teda \u00f5petanud, kuidas seda teha, on tema \u00fcmber palju. &#8220;Olen v\u00e4ga t\u00e4nulik oma vanematele ja kodusele keskkonnale, kes on selle p\u00e4rast vaeva n\u00e4inud ja ohverdusi toonud, et meie pere poistel on see laps v\u00e4ga selgelt ja tugevalt alles j\u00e4\u00e4nud.&#8221;<\/p>\n","protected":false},"excerpt":{"rendered":"&#8220;K\u00f5ik mu kolm poega on erinevad. Sass, Oss ja Juss ehk Aleksander, Oskar ja Johannes. Iga\u00fchel on oma&hellip;\n","protected":false},"author":2,"featured_media":180906,"comment_status":"","ping_status":"","sticky":false,"template":"","format":"standard","meta":{"footnotes":"","_share_on_mastodon":"0"},"categories":[5],"tags":[26,27,37,33,35,34,36,31,32,21,2063,28,29,19,8995,25,7692,23,24,22,20,30],"class_list":["post-180905","post","type-post","status-publish","format-standard","has-post-thumbnail","category-uldised-uudised","tag-breaking-news","tag-breakingnews","tag-ee","tag-eesti","tag-eesti-keel","tag-estonia","tag-estonian","tag-featured-news","tag-featurednews","tag-headlines","tag-kabi-ei-kuku","tag-latest-news","tag-latestnews","tag-news","tag-oskar-seeman","tag-populaarseimad-lood","tag-sepo-seeman","tag-top-stories","tag-topstories","tag-uldised-uudised","tag-uudised","tag-viimased-uudised"],"share_on_mastodon":{"url":"https:\/\/pubeurope.com\/@ee\/116595213484039883","error":""},"_links":{"self":[{"href":"https:\/\/www.europesays.com\/ee\/wp-json\/wp\/v2\/posts\/180905","targetHints":{"allow":["GET"]}}],"collection":[{"href":"https:\/\/www.europesays.com\/ee\/wp-json\/wp\/v2\/posts"}],"about":[{"href":"https:\/\/www.europesays.com\/ee\/wp-json\/wp\/v2\/types\/post"}],"author":[{"embeddable":true,"href":"https:\/\/www.europesays.com\/ee\/wp-json\/wp\/v2\/users\/2"}],"replies":[{"embeddable":true,"href":"https:\/\/www.europesays.com\/ee\/wp-json\/wp\/v2\/comments?post=180905"}],"version-history":[{"count":0,"href":"https:\/\/www.europesays.com\/ee\/wp-json\/wp\/v2\/posts\/180905\/revisions"}],"wp:featuredmedia":[{"embeddable":true,"href":"https:\/\/www.europesays.com\/ee\/wp-json\/wp\/v2\/media\/180906"}],"wp:attachment":[{"href":"https:\/\/www.europesays.com\/ee\/wp-json\/wp\/v2\/media?parent=180905"}],"wp:term":[{"taxonomy":"category","embeddable":true,"href":"https:\/\/www.europesays.com\/ee\/wp-json\/wp\/v2\/categories?post=180905"},{"taxonomy":"post_tag","embeddable":true,"href":"https:\/\/www.europesays.com\/ee\/wp-json\/wp\/v2\/tags?post=180905"}],"curies":[{"name":"wp","href":"https:\/\/api.w.org\/{rel}","templated":true}]}}