{"id":180967,"date":"2026-05-18T12:07:12","date_gmt":"2026-05-18T12:07:12","guid":{"rendered":"https:\/\/www.europesays.com\/ee\/180967\/"},"modified":"2026-05-18T12:07:12","modified_gmt":"2026-05-18T12:07:12","slug":"marquez-ja-zarco-jaid-haiglaravile-motosport","status":"publish","type":"post","link":"https:\/\/www.europesays.com\/ee\/180967\/","title":{"rendered":"Marquez ja Zarco j\u00e4id haiglaravile | Motosport"},"content":{"rendered":"<p>P\u00fchap\u00e4eval Hispaanias toimunud mootorrataste ringrajas\u00f5idusarja MotoGP etapil <a href=\"https:\/\/sport.err.ee\/1610026198\/motogp-etappi-jai-varjutama-mitu-rasket-kukkumist\" target=\"_blank\" rel=\"noopener nofollow\">kukkunud<\/a> Alex Marquez ja Johann Zarco j\u00e4id m\u00f5lemad haiglaravile.<\/p>\n<p>Marquez s\u00f5itis 12. ringil tagant otsa Pedro Acosta tsikklile, misj\u00e4rel kaotas oma mootorratta \u00fcle kontrolli ja kukkus. Haiglas tehtud uuringud tuvastasid hispaanlasel v\u00e4ikese m\u00f5ra selgrool\u00fclis ja rangluumurru.<\/p>\n<p>&#8220;K\u00f5ik on kontrolli all. T\u00e4na \u00f5htul ootab mind ees operatsioon, kuid olen heades k\u00e4tes. Ait\u00e4h toetavate s\u00f5numite eest,&#8221; kirjutas Marquez p\u00fchap\u00e4eva \u00f5htul \u00fchismeedias.<\/p>\n<blockquote class=\"instagram-media\" style=\"background: #FFF; border: 0; border-radius: 3px; box-shadow: 0 0 1px 0 rgba(0,0,0,0.5),0 1px 10px 0 rgba(0,0,0,0.15); margin: 1px; max-width: 540px; min-width: 326px; padding: 0; width: calc(100% - 2px);\" data-instgrm-captioned=\"\" data-instgrm-permalink=\"https:\/\/www.instagram.com\/p\/DYcnXlyMoLJ\/?utm_source=ig_embed&amp;utm_campaign=loading\" data-instgrm-version=\"14\"\/>\n<p>Marqueze kukkumine t\u00f5i kaasa ka punase lipu ning p\u00e4rast s\u00f5idu j\u00e4tkumist pidurdas Johann Zarco esimeses kurvis liialt hilja ja l\u00fckkas kolme s\u00f5itja kokkup\u00f5rkes konkurentsist ka Francesco Bagnaia ja Luca Marini.<\/p>\n<p>Zarco rebestas kukkumise tagaj\u00e4rjel osaliselt p\u00f5lvesidemeid, lisaks sai v\u00e4ikese m\u00f5ra pindluus. &#8220;Mul on kaelatugi, kuid muretsemiseks p\u00f5hjust ei ole. See on pigem t\u00fc\u00fctus kui elut\u00e4htis. Peamine probleem on p\u00f5lv, aga \u00f5nneks reieluu katki ei ole. J\u00e4\u00e4n \u00f6\u00f6seks haiglasse, sest arstid tahavad mul silma peal hoida,&#8221; teatas Zarco \u00fchismeedias. Tema v\u00f5istkond LCR Team lisas, et esmasp\u00e4eval transporditakse prantslane kodumaale taastuma.<\/p>\n<p><script async src=\"\/\/www.instagram.com\/embed.js\"><\/script><\/p>\n","protected":false},"excerpt":{"rendered":"P\u00fchap\u00e4eval Hispaanias toimunud mootorrataste ringrajas\u00f5idusarja MotoGP etapil kukkunud Alex Marquez ja Johann Zarco j\u00e4id m\u00f5lemad haiglaravile. Marquez s\u00f5itis&hellip;\n","protected":false},"author":2,"featured_media":180968,"comment_status":"","ping_status":"","sticky":false,"template":"","format":"standard","meta":{"footnotes":"","_share_on_mastodon":"0"},"categories":[18],"tags":[76395,37,33,35,34,36,80304,4880,159,158],"class_list":["post-180967","post","type-post","status-publish","format-standard","has-post-thumbnail","category-sport","tag-alex-marquez","tag-ee","tag-eesti","tag-eesti-keel","tag-estonia","tag-estonian","tag-johann-zarco","tag-motogp","tag-sport","tag-sports"],"share_on_mastodon":{"url":"https:\/\/pubeurope.com\/@ee\/116595500457069446","error":""},"_links":{"self":[{"href":"https:\/\/www.europesays.com\/ee\/wp-json\/wp\/v2\/posts\/180967","targetHints":{"allow":["GET"]}}],"collection":[{"href":"https:\/\/www.europesays.com\/ee\/wp-json\/wp\/v2\/posts"}],"about":[{"href":"https:\/\/www.europesays.com\/ee\/wp-json\/wp\/v2\/types\/post"}],"author":[{"embeddable":true,"href":"https:\/\/www.europesays.com\/ee\/wp-json\/wp\/v2\/users\/2"}],"replies":[{"embeddable":true,"href":"https:\/\/www.europesays.com\/ee\/wp-json\/wp\/v2\/comments?post=180967"}],"version-history":[{"count":0,"href":"https:\/\/www.europesays.com\/ee\/wp-json\/wp\/v2\/posts\/180967\/revisions"}],"wp:featuredmedia":[{"embeddable":true,"href":"https:\/\/www.europesays.com\/ee\/wp-json\/wp\/v2\/media\/180968"}],"wp:attachment":[{"href":"https:\/\/www.europesays.com\/ee\/wp-json\/wp\/v2\/media?parent=180967"}],"wp:term":[{"taxonomy":"category","embeddable":true,"href":"https:\/\/www.europesays.com\/ee\/wp-json\/wp\/v2\/categories?post=180967"},{"taxonomy":"post_tag","embeddable":true,"href":"https:\/\/www.europesays.com\/ee\/wp-json\/wp\/v2\/tags?post=180967"}],"curies":[{"name":"wp","href":"https:\/\/api.w.org\/{rel}","templated":true}]}}