{"id":181010,"date":"2026-05-18T12:53:09","date_gmt":"2026-05-18T12:53:09","guid":{"rendered":"https:\/\/www.europesays.com\/ee\/181010\/"},"modified":"2026-05-18T12:53:09","modified_gmt":"2026-05-18T12:53:09","slug":"lightyear-parjati-aasta-fintechi-tiitliga","status":"publish","type":"post","link":"https:\/\/www.europesays.com\/ee\/181010\/","title":{"rendered":"Lightyear p\u00e4rjati aasta fintech\u2019i tiitliga"},"content":{"rendered":"<p>Lightyeari asutasid eestlased Martin Sokk ja Mihkel Aamer, endised Wise\u2019i t\u00f6\u00f6tajad. Lightyear tegutseb t\u00e4naseks 25 riigis ja pakub investoritele v\u00f5imalust investeerida maailmaturgudel \u00fcle 6000 instrumendi. Lightyearile on investorid t\u00e4naseks usaldanud \u00fcle miljardi euro varasid, kokku on investorid platvormil investeerides teeninud \u00fcle 200 miljoni euro.<\/p>\n<p>Aasta fintech\u2019i auhind anti \u00fcle <a rel=\"noopener nofollow\" target=\"_blank\" href=\"https:\/\/balticfintechdays.com\/\" data-rel-date-range=\"[]\">Baltic Fintech Days<\/a> konverentsi raames, kus tunnustati regiooni silmapaistvamaid uuendajaid. <\/p>\n<p>M\u00f6\u00f6dunud aastal p\u00e4rjati sama \u00fcrituse raames \u00e4ra Eesti finantsettev\u00f5te Wallester, kellele anti \u00fcle \u201eGrowth Story of the Year\u201c auhind. Samuti sai parima innovatsiooni tiitli omale \u00e4sja Brasiiliasse laienenud <a rel=\"noopener follow nofollow\" target=\"_blank\" href=\"https:\/\/geeniusdigipro.delfi.ee\/artikkel\/120584508\/mifundo-laienes-euroopast-valja-ja-toob-sealsed-krediidiandmed-siia-lahemale\" data-rel-date-range=\"[]\">Mifundo<\/a>. <\/p>\n<p>Kuidas see lugu Sind end tundma pani? Saada <\/p>\n","protected":false},"excerpt":{"rendered":"Lightyeari asutasid eestlased Martin Sokk ja Mihkel Aamer, endised Wise\u2019i t\u00f6\u00f6tajad. Lightyear tegutseb t\u00e4naseks 25 riigis ja pakub&hellip;\n","protected":false},"author":2,"featured_media":181011,"comment_status":"","ping_status":"","sticky":false,"template":"","format":"standard","meta":{"footnotes":"","_share_on_mastodon":"0"},"categories":[80],"tags":[26,27,37,33,35,34,36,31,32,21,28,29,10165,95,19,25,23,24,22,20,30,92,93,94],"class_list":["post-181010","post","type-post","status-publish","format-standard","has-post-thumbnail","category-maailm","tag-breaking-news","tag-breakingnews","tag-ee","tag-eesti","tag-eesti-keel","tag-estonia","tag-estonian","tag-featured-news","tag-featurednews","tag-headlines","tag-latest-news","tag-latestnews","tag-lightyear","tag-maailm","tag-news","tag-populaarseimad-lood","tag-top-stories","tag-topstories","tag-uldised-uudised","tag-uudised","tag-viimased-uudised","tag-world","tag-world-news","tag-worldnews"],"share_on_mastodon":{"url":"https:\/\/pubeurope.com\/@ee\/116595681295868253","error":""},"_links":{"self":[{"href":"https:\/\/www.europesays.com\/ee\/wp-json\/wp\/v2\/posts\/181010","targetHints":{"allow":["GET"]}}],"collection":[{"href":"https:\/\/www.europesays.com\/ee\/wp-json\/wp\/v2\/posts"}],"about":[{"href":"https:\/\/www.europesays.com\/ee\/wp-json\/wp\/v2\/types\/post"}],"author":[{"embeddable":true,"href":"https:\/\/www.europesays.com\/ee\/wp-json\/wp\/v2\/users\/2"}],"replies":[{"embeddable":true,"href":"https:\/\/www.europesays.com\/ee\/wp-json\/wp\/v2\/comments?post=181010"}],"version-history":[{"count":0,"href":"https:\/\/www.europesays.com\/ee\/wp-json\/wp\/v2\/posts\/181010\/revisions"}],"wp:featuredmedia":[{"embeddable":true,"href":"https:\/\/www.europesays.com\/ee\/wp-json\/wp\/v2\/media\/181011"}],"wp:attachment":[{"href":"https:\/\/www.europesays.com\/ee\/wp-json\/wp\/v2\/media?parent=181010"}],"wp:term":[{"taxonomy":"category","embeddable":true,"href":"https:\/\/www.europesays.com\/ee\/wp-json\/wp\/v2\/categories?post=181010"},{"taxonomy":"post_tag","embeddable":true,"href":"https:\/\/www.europesays.com\/ee\/wp-json\/wp\/v2\/tags?post=181010"}],"curies":[{"name":"wp","href":"https:\/\/api.w.org\/{rel}","templated":true}]}}