{"id":181037,"date":"2026-05-18T13:26:07","date_gmt":"2026-05-18T13:26:07","guid":{"rendered":"https:\/\/www.europesays.com\/ee\/181037\/"},"modified":"2026-05-18T13:26:07","modified_gmt":"2026-05-18T13:26:07","slug":"paastjad-leidsid-vaga-keerulise-operatsiooni-kaigus-maldiividel-uppunud-itaallaste-surnukehad","status":"publish","type":"post","link":"https:\/\/www.europesays.com\/ee\/181037\/","title":{"rendered":"P\u00e4\u00e4stjad leidsid v\u00e4ga keerulise operatsiooni k\u00e4igus Maldiividel uppunud itaallaste surnukehad"},"content":{"rendered":"<p>Kohalike v\u00f5imude teatel leidsid Itaalia kodanikud Vaavu atollil 60 meetri s\u00fcgavusest koopast k\u00f5rgelt koolitatud Soome ja Maldiivide sukeldujate \u00fchismeeskond.<\/p>\n<p>Sukeldumine oli tehniliselt erakordselt raske, sest k\u00f5nealune veealune koobas algab umbes 55\u201360 meetri s\u00fcgavuselt ning muutub edasiliikumisel \u00fcha kitsamaks, s\u00fcgavamaks ja on t\u00e4ielikult kottpime, vahendab Helsingin Sanomat. <\/p>\n<p>\u00dche itaallase surnukeha leiti juba reedel, laup\u00e4eval suri haiglas ka neid otsinud kohalik p\u00e4\u00e4stesukelduja. Pellegrini s\u00f5nul on esialgse hinnangu kohaselt t\u00f5en\u00e4oline, et Itaalia sukeldujad eksisid koopasse \u00e4ra, kuid midagi kindlat veel v\u00e4ita ei saa.<\/p>\n<p>Esmasp\u00e4evase operatsiooni k\u00e4igus \u00f5nnestus Soome meeskonnal koguda olulist teavet, mis aitab hukkunute v\u00e4ljatoomist planeerida. <\/p>\n<p>Maldiivide kaitsev\u00e4e kinnitusel j\u00e4tkub operatsioon homme, mil surnukehad loodetakse pinnale tuua. <\/p>\n<p>\u201eJ\u00e4rgnevatel p\u00e4evadel tehakse surnukehade leidmiseks t\u00e4iendavaid sukeldumisi,\u201c \u00fctles Maldiivide valitsuse pressiesindaja Mohamed Hossain Shareef BBC-le saadetud s\u00f5numis.<\/p>\n<p>Korallsaarte t\u00f5ttu on Maldiivid populaarne turismisihtkoht. Eelmisel n\u00e4dalal toimunud intsidenti peetakse Maldiivide seni k\u00f5ige r\u00e4ngemaks sukeldumis\u00f5nnetuseks. <\/p>\n<p>Kuidas see lugu Sind end tundma pani? Saada <a href=\"https:\/\/www.delfi.ee\/artikkel\/120584622\/paastjad-leidsid-vaga-keerulise-operatsiooni-kaigus-uppunud-itaallaste-surnukehad\/kommentaarid\" class=\"article-body-bottom__comment article-body-bottom__comment--write button button--primary button--size-auto\" rel=\"nofollow noopener\" target=\"_blank\"> Kommenteeri <\/a><a href=\"https:\/\/www.delfi.ee\/artikkel\/120584622\/paastjad-leidsid-vaga-keerulise-operatsiooni-kaigus-uppunud-itaallaste-surnukehad\/kommentaarid\" class=\"article-body-bottom__comment article-body-bottom__comment--read button button--size-auto\" rel=\"nofollow noopener\" target=\"_blank\"> Loe kommentaare (1)<\/a><\/p>\n","protected":false},"excerpt":{"rendered":"Kohalike v\u00f5imude teatel leidsid Itaalia kodanikud Vaavu atollil 60 meetri s\u00fcgavusest koopast k\u00f5rgelt koolitatud Soome ja Maldiivide sukeldujate&hellip;\n","protected":false},"author":2,"featured_media":181038,"comment_status":"","ping_status":"","sticky":false,"template":"","format":"standard","meta":{"footnotes":"","_share_on_mastodon":"0"},"categories":[80],"tags":[26,27,37,33,35,34,36,31,32,21,28,29,95,50137,19,32687,25,23,24,22,20,30,92,93,94],"class_list":["post-181037","post","type-post","status-publish","format-standard","has-post-thumbnail","category-maailm","tag-breaking-news","tag-breakingnews","tag-ee","tag-eesti","tag-eesti-keel","tag-estonia","tag-estonian","tag-featured-news","tag-featurednews","tag-headlines","tag-latest-news","tag-latestnews","tag-maailm","tag-maldiivid","tag-news","tag-paasteoperatsioon","tag-populaarseimad-lood","tag-top-stories","tag-topstories","tag-uldised-uudised","tag-uudised","tag-viimased-uudised","tag-world","tag-world-news","tag-worldnews"],"share_on_mastodon":{"url":"https:\/\/pubeurope.com\/@ee\/116595810971401302","error":""},"_links":{"self":[{"href":"https:\/\/www.europesays.com\/ee\/wp-json\/wp\/v2\/posts\/181037","targetHints":{"allow":["GET"]}}],"collection":[{"href":"https:\/\/www.europesays.com\/ee\/wp-json\/wp\/v2\/posts"}],"about":[{"href":"https:\/\/www.europesays.com\/ee\/wp-json\/wp\/v2\/types\/post"}],"author":[{"embeddable":true,"href":"https:\/\/www.europesays.com\/ee\/wp-json\/wp\/v2\/users\/2"}],"replies":[{"embeddable":true,"href":"https:\/\/www.europesays.com\/ee\/wp-json\/wp\/v2\/comments?post=181037"}],"version-history":[{"count":0,"href":"https:\/\/www.europesays.com\/ee\/wp-json\/wp\/v2\/posts\/181037\/revisions"}],"wp:featuredmedia":[{"embeddable":true,"href":"https:\/\/www.europesays.com\/ee\/wp-json\/wp\/v2\/media\/181038"}],"wp:attachment":[{"href":"https:\/\/www.europesays.com\/ee\/wp-json\/wp\/v2\/media?parent=181037"}],"wp:term":[{"taxonomy":"category","embeddable":true,"href":"https:\/\/www.europesays.com\/ee\/wp-json\/wp\/v2\/categories?post=181037"},{"taxonomy":"post_tag","embeddable":true,"href":"https:\/\/www.europesays.com\/ee\/wp-json\/wp\/v2\/tags?post=181037"}],"curies":[{"name":"wp","href":"https:\/\/api.w.org\/{rel}","templated":true}]}}