{"id":181069,"date":"2026-05-18T13:59:10","date_gmt":"2026-05-18T13:59:10","guid":{"rendered":"https:\/\/www.europesays.com\/ee\/181069\/"},"modified":"2026-05-18T13:59:10","modified_gmt":"2026-05-18T13:59:10","slug":"poola-tahab-usa-lt-vagede-saatmata-jatmise-kohta-selgitust-see-ei-saa-aset-leida-suurima-liitlase-euroopas-arvelt","status":"publish","type":"post","link":"https:\/\/www.europesays.com\/ee\/181069\/","title":{"rendered":"Poola tahab USA-lt v\u00e4gede saatmata j\u00e4tmise kohta selgitust: \u201eSee ei saa aset leida suurima liitlase Euroopas arvelt\u201c"},"content":{"rendered":"<p>Zalewski \u00fctles t\u00e4na eraraadiojaamale TOK FM, et see samm tuli \u00fcllatusena ning m\u00f5lemad pooled olid praeguseni tegutsenud t\u00e4ielikult l\u00e4bipaistvalt ja teavitanud teineteist s\u00f5jalistest otsustest adekvaatselt, vahendab Poola Raadio.<\/p>\n<p>Zalewski \u00fctles, et viis, kuidas otsus tehti n\u00e4ib olevat <a rel=\"noopener nofollow\" target=\"_blank\" href=\"https:\/\/www.delfi.ee\/teema\/24562395\/pentagon\" tag-id=\"24562395\">Pentagoni<\/a> poolt kiirustav.<\/p>\n<p>Zalewski lisas aga, et seda ei tuleks v\u00f5tta laiemate USA-Poola suhete peegeldusena.<\/p>\n<p>\u201eMe v\u00f5tame seda intsidendina, mida selgitame sel n\u00e4dalal,\u201c \u00fctles Zalewski.<\/p>\n<p>Zalewski m\u00e4rkis, et <a rel=\"noopener nofollow\" target=\"_blank\" href=\"https:\/\/www.delfi.ee\/teema\/82789297\/washington\" tag-id=\"82789297\">Washington<\/a> oli varem m\u00e4rku andnud, et kavatseb v\u00e4hendada USA s\u00f5durite arvu <a rel=\"noopener nofollow\" target=\"_blank\" href=\"https:\/\/www.delfi.ee\/teema\/23342327\/saksamaa\" tag-id=\"23342327\">Saksamaal<\/a>, mitte Poolas, mis muutis viimase sammu veelgi ootamatumaks.<\/p>\n<p>Selleks n\u00e4dalaks on plaanis rida k\u00f5rgetasemelisi kohtumisi.<\/p>\n<p>Zalewski ise s\u00f5idab sel n\u00e4dalal Washingtoni.<\/p>\n<p>Ka Poola peaminister <a rel=\"noopener nofollow\" target=\"_blank\" href=\"https:\/\/www.delfi.ee\/teema\/56498698\/donald-tusk\" tag-id=\"56498698\">Donald Tusk<\/a> \u00fctles, et \u201ek\u00f5igi meie \u00fclesanne eranditeta on tagada, et Atlandi-\u00fclene koost\u00f6\u00f6 s\u00e4iliks sel keerulisel ajal vaatamata poliitilistele erimeelsustele\u201c, vahendab Guardian.<\/p>\n<p>Tuski s\u00f5nul ei ole \u201eAtlandi-\u00fclene \u00fchtsus mitte ainult julgeoleku- ja rahugarantii siin, Poola pinnal, vaid see on ka \u00fcha rohkem erinevatele ohtudele avatud rahvusvahelise korra, mis kaitseb meie maakera \u00fclemaailmse konflikti eest, garantii\u201c.<\/p>\n<p>\u201eK\u00f5igi meie \u00fclesanne siin Poolas, Euroopas, teispool Atlanti USA-s ja <a rel=\"noopener nofollow\" target=\"_blank\" href=\"https:\/\/www.delfi.ee\/teema\/24542787\/kanada\" tag-id=\"24542787\">Kanadas<\/a> \/&#8230;\/ meie k\u00f5igi \u00fclesanne eranditeta on kindlustada see, et vaatamata erinevatele poliitilistele muutujatele j\u00e4\u00e4ks Atlandi-\u00fclene koost\u00f6\u00f6 sel keerulisel perioodil ellu,\u201c \u00fctles Tusk.<\/p>\n<p>Tusk hoiatas, et \u201ePoola-<a rel=\"noopener nofollow\" target=\"_blank\" href=\"https:\/\/www.delfi.ee\/teema\/24645751\/ameerika\" tag-id=\"24645751\">Ameerika<\/a> ja Euroopa-Ameerika s\u00f5prusele ei ole alternatiivi\u201c, ning kiitis Poola suuri kaitsekulutusi, sealhulgas lepinguid USA ettev\u00f5tetega.<\/p>\n<p>Samas \u00fctles Tusk, et Poola ootab l\u00e4himatelt liitlastelt sama, mida pakub ise: lugupidamist ja ettearvatavust.<\/p>\n<p>\u201eEi ole Poola roll vaadata \u00fcle [teise riigi] uusi strateegiaid v\u00f5i erinevat l\u00e4henemist diplomaatiale, vaid meie roll on tuletada teile meelde, et teil on siin s\u00f5ber. Teil on siin Wis\u0142a \u00e4\u00e4res ainult s\u00f5pru, teil on k\u00f5ige lojaalsem liitlane. See v\u00e4\u00e4rib meelde tuletamist, sest Ameerika ei leia kuskilt paremat liitlast,\u201c lausus Tusk.<\/p>\n<p>Poola kaitseminister Kosiniak-Kamysz r\u00f5hutas samuti Poola-USA sidemeid, aga ka vajadust ausa vestluse j\u00e4rele liitlaste vahel USA v\u00f5imalike muudatuste potentsiaalsetest tagaj\u00e4rgedest Poola jaoks.<\/p>\n<p>\u201eMe m\u00f5istame, et leiab aset Ameerika v\u00e4gede kohalolu \u00fcmberkorraldamine, aga see \u00fcmberkorraldamine ei saa aset leida \u00dchendriikide suurima liitlase Euroopas, Poola arvelt,\u201c lausus Kosiniak-Kamysz. \u201eOn keeruline saada \u00fcllatusi neilt, keda me k\u00f5ige rohkem usaldame. \/&#8230;\/ Ma usun, et k\u00f5ik v\u00e4\u00e4ritim\u00f5istmised v\u00f5i meediak\u00e4ra saab l\u00e4hip\u00e4evil seletuse.\u201c<\/p>\n<p>Reuters teatas reedel kahe anon\u00fc\u00fcmseks j\u00e4\u00e4nud USA ametiisikule viidates, et Pentagon t\u00fchistas plaanitud rotatsiooni.<\/p>\n<p>CNN teatas seej\u00e4rel, et otsus on osa USA kaitseministri <a rel=\"noopener nofollow\" target=\"_blank\" href=\"https:\/\/www.delfi.ee\/teema\/96865140\/pete-hegseth\" tag-id=\"96865140\">Pete Hegsethi<\/a> laiemast tegevusest USA s\u00f5durite arvu v\u00e4hendamiseks Euroopas.<\/p>\n<p>USA armee kindral Christopher LaNeve \u00fctles eelmisel n\u00e4dalal esindajatekojas, et tema v\u00e4ed on saanud korralduse v\u00e4hendada oma kohalolekut.<\/p>\n<p>Poola rahvusliku julgeoleku b\u00fcroo (BBN) m\u00e4rkis samuti selge ettepaneku puudumist t\u00e4iendada 2020. aasta laiendatud kaitsekoost\u00f6\u00f6 kokkulepet, mis USA v\u00e4gede kohalolekut Poolas haldab.<\/p>\n<p>Kuidas see lugu Sind end tundma pani? Saada <a href=\"https:\/\/www.delfi.ee\/artikkel\/120584618\/poola-tahab-usa-lt-vagede-saatmata-jatmise-kohta-selgitust-see-ei-saa-aset-leida-suurima-liitlase-euroopas-arvelt\/kommentaarid\" class=\"article-body-bottom__comment article-body-bottom__comment--write button button--primary button--size-auto\" rel=\"nofollow noopener\" target=\"_blank\"> Kommenteeri <\/a><a href=\"https:\/\/www.delfi.ee\/artikkel\/120584618\/poola-tahab-usa-lt-vagede-saatmata-jatmise-kohta-selgitust-see-ei-saa-aset-leida-suurima-liitlase-euroopas-arvelt\/kommentaarid\" class=\"article-body-bottom__comment article-body-bottom__comment--read button button--size-auto\" rel=\"nofollow noopener\" target=\"_blank\"> Loe kommentaare (9)<\/a><\/p>\n","protected":false},"excerpt":{"rendered":"Zalewski \u00fctles t\u00e4na eraraadiojaamale TOK FM, et see samm tuli \u00fcllatusena ning m\u00f5lemad pooled olid praeguseni tegutsenud t\u00e4ielikult&hellip;\n","protected":false},"author":2,"featured_media":181070,"comment_status":"","ping_status":"","sticky":false,"template":"","format":"standard","meta":{"footnotes":"","_share_on_mastodon":"0"},"categories":[80],"tags":[48903,461,26,27,2213,37,33,35,34,36,112,31,32,21,1554,28,29,95,54,19,78690,460,1205,111,25,51,23,24,22,325,20,4199,30,2405,45449,92,93,94],"class_list":["post-181069","post","type-post","status-publish","format-standard","has-post-thumbnail","category-maailm","tag-alexus-grynkewich","tag-ameerika","tag-breaking-news","tag-breakingnews","tag-donald-tusk","tag-ee","tag-eesti","tag-eesti-keel","tag-estonia","tag-estonian","tag-euroopa","tag-featured-news","tag-featurednews","tag-headlines","tag-kanada","tag-latest-news","tag-latestnews","tag-maailm","tag-nato","tag-news","tag-pawel-zalewski","tag-pentagon","tag-pete-hegseth","tag-poola","tag-populaarseimad-lood","tag-saksamaa","tag-top-stories","tag-topstories","tag-uldised-uudised","tag-usa","tag-uudised","tag-varssavi","tag-viimased-uudised","tag-washington","tag-wladyslaw-kosiniak-kamysz","tag-world","tag-world-news","tag-worldnews"],"share_on_mastodon":{"url":"","error":"Validation failed: Text character limit of 500 exceeded"},"_links":{"self":[{"href":"https:\/\/www.europesays.com\/ee\/wp-json\/wp\/v2\/posts\/181069","targetHints":{"allow":["GET"]}}],"collection":[{"href":"https:\/\/www.europesays.com\/ee\/wp-json\/wp\/v2\/posts"}],"about":[{"href":"https:\/\/www.europesays.com\/ee\/wp-json\/wp\/v2\/types\/post"}],"author":[{"embeddable":true,"href":"https:\/\/www.europesays.com\/ee\/wp-json\/wp\/v2\/users\/2"}],"replies":[{"embeddable":true,"href":"https:\/\/www.europesays.com\/ee\/wp-json\/wp\/v2\/comments?post=181069"}],"version-history":[{"count":0,"href":"https:\/\/www.europesays.com\/ee\/wp-json\/wp\/v2\/posts\/181069\/revisions"}],"wp:featuredmedia":[{"embeddable":true,"href":"https:\/\/www.europesays.com\/ee\/wp-json\/wp\/v2\/media\/181070"}],"wp:attachment":[{"href":"https:\/\/www.europesays.com\/ee\/wp-json\/wp\/v2\/media?parent=181069"}],"wp:term":[{"taxonomy":"category","embeddable":true,"href":"https:\/\/www.europesays.com\/ee\/wp-json\/wp\/v2\/categories?post=181069"},{"taxonomy":"post_tag","embeddable":true,"href":"https:\/\/www.europesays.com\/ee\/wp-json\/wp\/v2\/tags?post=181069"}],"curies":[{"name":"wp","href":"https:\/\/api.w.org\/{rel}","templated":true}]}}