{"id":181130,"date":"2026-05-18T15:05:07","date_gmt":"2026-05-18T15:05:07","guid":{"rendered":"https:\/\/www.europesays.com\/ee\/181130\/"},"modified":"2026-05-18T15:05:07","modified_gmt":"2026-05-18T15:05:07","slug":"suri-lumumba-morvaga-seostatud-belgia-endine-diplomaat-valismaa","status":"publish","type":"post","link":"https:\/\/www.europesays.com\/ee\/181130\/","title":{"rendered":"Suri Lumumba m\u00f5rvaga seostatud Belgia endine diplomaat | V\u00e4lismaa"},"content":{"rendered":"<p>Esmasp\u00e4eval suri 93-aastaselt Belgia endine diplomaat Etienne Davignon, kellest sai sel aastal esimene inimene, keda s\u00fc\u00fcdistati Kongo iseseisvusliidri Patrice Lumumba m\u00f5rvas. Ta suri enne kohtuistungit, millega l\u00f5ppes ka juhtumi kohtulik k\u00e4sitlemine.<\/p>\n<p>Davignoni surma kinnitas m\u00f5ttekoda Jacques Delorsi Instituut, mille n\u00f5ukogu liige ta oli. Belgias paljudel k\u00f5rgetel kohtadel t\u00f6\u00f6tanud Davignon esindas oma karj\u00e4\u00e4ri jooksul kodumaad ka Euroopa Komisjoni liikmena.<\/p>\n<p>Davignoni suhtes algatati kohtuprotsess v\u00e4idetavas s\u00f5jakuritegudes osalemise eest seoses Lumumba kohtuv\u00e4lise tapmisega 65 aastat tagasi, mis oli viimane katse heita valgust \u00fchele 20. sajandi k\u00f5ige olulisemale poliitilisele m\u00f5rvale. <\/p>\n<p>Lumumba, kellest sai 1960. aastal Belgiast iseseisvudes praeguse Kongo Demokraatliku Vabariigi peaminister, kukutati v\u00f5imult m\u00f5ni kuu hiljem ja ta tapsid Belgia toetatud separatistlikud m\u00e4ssulised 16. jaanuaril 1961.<\/p>\n<p>See m\u00f5rv oli Belgia koloniaalajaloo \u00fcks tumedaid peat\u00fckke ja p\u00f6\u00f6rdepunkt tolleaegsele Aafrika kolooniate vabastusliikumisele.<\/p>\n<p>Belgia prokur\u00f6ride s\u00f5nul osales tollal noore diplomaadina t\u00f6\u00f6tanud Davignon Lumumba ebaseaduslikus kinnipidamises v\u00f5i \u00fcleandmises, v\u00f5ttes sellega temalt \u00f5iguse erapooletule kohtuprotsessile.<\/p>\n<p>Davignoni s\u00fc\u00fcdistati ka kahe Lumumba poliitilise liitlase, Maurice Mpolo ja Joseph Okito m\u00f5rvas osalemises. Ta oli igasugust s\u00fc\u00fctegu eitanud ja ootas hetkel apellatsiooni tulemust kohtuotsuse peale, millega otsustati ta kohtu alla anda.<\/p>\n<p>Davignon oli viimane elusolev inimene, keda Belgia kohtuv\u00f5imud selle juhtumi raames uurisid. Kohus otsustas, et teiste kahtlusaluste vastu algatatud kohtuasjad suletakse nende surma t\u00f5ttu.<\/p>\n<p>P\u00e4rast l\u00e4hetust Kongosse t\u00f5usis Davignon Belgia v\u00f5imuredelil \u00fche k\u00f5rgemale, olles 1960. aastate l\u00f5pus peaminister Paul-Henri Spaaki kabineti\u00fclem ja aastatel 1977\u20131985 Euroopa Komisjoni liige. Ta oli mitmete Belgia ja v\u00e4lismaiste ettev\u00f5tete juhatuse liige.<\/p>\n<p>S\u00fcndinud vikontina \u00fclendas Belgia kuningas Philippe ta 2018. aastal krahviks.<\/p>\n","protected":false},"excerpt":{"rendered":"Esmasp\u00e4eval suri 93-aastaselt Belgia endine diplomaat Etienne Davignon, kellest sai sel aastal esimene inimene, keda s\u00fc\u00fcdistati Kongo iseseisvusliidri&hellip;\n","protected":false},"author":2,"featured_media":181131,"comment_status":"","ping_status":"","sticky":false,"template":"","format":"standard","meta":{"footnotes":"","_share_on_mastodon":"0"},"categories":[80],"tags":[5410,26,27,37,33,35,34,36,80438,31,32,21,21976,28,29,95,19,80439,25,23,24,22,20,30,92,93,94],"class_list":["post-181130","post","type-post","status-publish","format-standard","has-post-thumbnail","category-maailm","tag-belgia","tag-breaking-news","tag-breakingnews","tag-ee","tag-eesti","tag-eesti-keel","tag-estonia","tag-estonian","tag-etienne-davignon","tag-featured-news","tag-featurednews","tag-headlines","tag-kongo","tag-latest-news","tag-latestnews","tag-maailm","tag-news","tag-patrice-lumumba","tag-populaarseimad-lood","tag-top-stories","tag-topstories","tag-uldised-uudised","tag-uudised","tag-viimased-uudised","tag-world","tag-world-news","tag-worldnews"],"share_on_mastodon":{"url":"https:\/\/pubeurope.com\/@ee\/116596200561326143","error":""},"_links":{"self":[{"href":"https:\/\/www.europesays.com\/ee\/wp-json\/wp\/v2\/posts\/181130","targetHints":{"allow":["GET"]}}],"collection":[{"href":"https:\/\/www.europesays.com\/ee\/wp-json\/wp\/v2\/posts"}],"about":[{"href":"https:\/\/www.europesays.com\/ee\/wp-json\/wp\/v2\/types\/post"}],"author":[{"embeddable":true,"href":"https:\/\/www.europesays.com\/ee\/wp-json\/wp\/v2\/users\/2"}],"replies":[{"embeddable":true,"href":"https:\/\/www.europesays.com\/ee\/wp-json\/wp\/v2\/comments?post=181130"}],"version-history":[{"count":0,"href":"https:\/\/www.europesays.com\/ee\/wp-json\/wp\/v2\/posts\/181130\/revisions"}],"wp:featuredmedia":[{"embeddable":true,"href":"https:\/\/www.europesays.com\/ee\/wp-json\/wp\/v2\/media\/181131"}],"wp:attachment":[{"href":"https:\/\/www.europesays.com\/ee\/wp-json\/wp\/v2\/media?parent=181130"}],"wp:term":[{"taxonomy":"category","embeddable":true,"href":"https:\/\/www.europesays.com\/ee\/wp-json\/wp\/v2\/categories?post=181130"},{"taxonomy":"post_tag","embeddable":true,"href":"https:\/\/www.europesays.com\/ee\/wp-json\/wp\/v2\/tags?post=181130"}],"curies":[{"name":"wp","href":"https:\/\/api.w.org\/{rel}","templated":true}]}}