{"id":181136,"date":"2026-05-18T15:14:10","date_gmt":"2026-05-18T15:14:10","guid":{"rendered":"https:\/\/www.europesays.com\/ee\/181136\/"},"modified":"2026-05-18T15:14:10","modified_gmt":"2026-05-18T15:14:10","slug":"glinka-alustas-french-openi-kvalifikatsiooni-kindla-voiduga","status":"publish","type":"post","link":"https:\/\/www.europesays.com\/ee\/181136\/","title":{"rendered":"Glinka alustas French Openi kvalifikatsiooni kindla v\u00f5iduga"},"content":{"rendered":"<p>26-aastane Glinka tegi poolteist tundi kestnud mat\u0161i jooksul 16 \u00e4ral\u00f6\u00f6ki ja 20 sundimata viga ning realiseeris kaheksast murdepallist neli. Kui Eesti tennisist v\u00f5itis esimeselt servilt 74 ja teiselt servilt 55% punktidest, siis Bertrandi  vastavad n\u00e4itajad olid 61 ja 37%.<\/p>\n<p>Avasetis v\u00f5itis Glinka 1:2 kaotusseisult viis geimi j\u00e4rjest, teises setis tegi ta ainsa ja otsustava murde \u00fcheksandas geimis. <\/p>\n<p>Kvalifikatsiooni teises ringis kohtub Glinka kas boliivlase Juan Carlos Prado Angelo (ATP 178.) v\u00f5i ameeriklase Mackenzie McDonaldiga (ATP 127.).<\/p>\n<p>Eesti esireket <a rel=\"noopener nofollow\" target=\"_blank\" href=\"https:\/\/www.delfi.ee\/teema\/90823251\/mark-lajal\" data-rel-date-range=\"[]\">Mark Lajal<\/a> (ATP 158.) v\u00f5tab avaringis m\u00f5\u00f5tu venelase Roman Safiulliniga (ATP 144.). See kohtumine on kavas homme.  <\/p>\n<p>Kuidas see lugu Sind end tundma pani? Saada <a href=\"https:\/\/sport.delfi.ee\/artikkel\/120584656\/glinka-alustas-french-openi-kvalifikatsiooni-kindla-voiduga\/kommentaarid\" class=\"article-body-bottom__comment article-body-bottom__comment--write button button--primary button--size-auto\" rel=\"nofollow noopener\" target=\"_blank\"> Kommenteeri <\/a><a href=\"https:\/\/sport.delfi.ee\/artikkel\/120584656\/glinka-alustas-french-openi-kvalifikatsiooni-kindla-voiduga\/kommentaarid\" class=\"article-body-bottom__comment article-body-bottom__comment--read button button--size-auto\" rel=\"nofollow noopener\" target=\"_blank\"> Loe kommentaare <\/a><\/p>\n","protected":false},"excerpt":{"rendered":"26-aastane Glinka tegi poolteist tundi kestnud mat\u0161i jooksul 16 \u00e4ral\u00f6\u00f6ki ja 20 sundimata viga ning realiseeris kaheksast murdepallist&hellip;\n","protected":false},"author":2,"featured_media":181137,"comment_status":"","ping_status":"","sticky":false,"template":"","format":"standard","meta":{"footnotes":"","_share_on_mastodon":"0"},"categories":[18],"tags":[556,37,33,35,34,36,80441,557,159,158,2827],"class_list":["post-181136","post","type-post","status-publish","format-standard","has-post-thumbnail","category-sport","tag-daniil-glinka","tag-ee","tag-eesti","tag-eesti-keel","tag-estonia","tag-estonian","tag-french-open","tag-mark-lajal","tag-sport","tag-sports","tag-tennis"],"share_on_mastodon":{"url":"https:\/\/pubeurope.com\/@ee\/116596235590051387","error":""},"_links":{"self":[{"href":"https:\/\/www.europesays.com\/ee\/wp-json\/wp\/v2\/posts\/181136","targetHints":{"allow":["GET"]}}],"collection":[{"href":"https:\/\/www.europesays.com\/ee\/wp-json\/wp\/v2\/posts"}],"about":[{"href":"https:\/\/www.europesays.com\/ee\/wp-json\/wp\/v2\/types\/post"}],"author":[{"embeddable":true,"href":"https:\/\/www.europesays.com\/ee\/wp-json\/wp\/v2\/users\/2"}],"replies":[{"embeddable":true,"href":"https:\/\/www.europesays.com\/ee\/wp-json\/wp\/v2\/comments?post=181136"}],"version-history":[{"count":0,"href":"https:\/\/www.europesays.com\/ee\/wp-json\/wp\/v2\/posts\/181136\/revisions"}],"wp:featuredmedia":[{"embeddable":true,"href":"https:\/\/www.europesays.com\/ee\/wp-json\/wp\/v2\/media\/181137"}],"wp:attachment":[{"href":"https:\/\/www.europesays.com\/ee\/wp-json\/wp\/v2\/media?parent=181136"}],"wp:term":[{"taxonomy":"category","embeddable":true,"href":"https:\/\/www.europesays.com\/ee\/wp-json\/wp\/v2\/categories?post=181136"},{"taxonomy":"post_tag","embeddable":true,"href":"https:\/\/www.europesays.com\/ee\/wp-json\/wp\/v2\/tags?post=181136"}],"curies":[{"name":"wp","href":"https:\/\/api.w.org\/{rel}","templated":true}]}}