{"id":181142,"date":"2026-05-18T15:17:28","date_gmt":"2026-05-18T15:17:28","guid":{"rendered":"https:\/\/www.europesays.com\/ee\/181142\/"},"modified":"2026-05-18T15:17:28","modified_gmt":"2026-05-18T15:17:28","slug":"hiina-majandus-naitas-norgenemise-marke-valismaa","status":"publish","type":"post","link":"https:\/\/www.europesays.com\/ee\/181142\/","title":{"rendered":"Hiina majandus n\u00e4itas n\u00f5rgenemise m\u00e4rke | V\u00e4lismaa"},"content":{"rendered":"<p>Hiina tarbijate kulutused ja tehaste toodang kasvasid eelmisel kuul viimaste aastate aeglaseimas tempos, n\u00e4itasid esmasp\u00e4eval avaldatud ametlikud andmed.<\/p>\n<p>Tegemist on selge m\u00e4rgiga v\u00e4ljakutsetest, millega Peking siseturu elavdamisel silmitsi seisab.<\/p>\n<p>Maailma suuruselt teisel majandusel on vaatamata ajaloolisele ekspordibuumile olnud raskusi p\u00e4rast COVID-19 pandeemia l\u00f5ppu j\u00f5ulise taastumisega.<\/p>\n<p>Majandusteadlased on pikka aega v\u00e4itnud, et Hiina peaks liikuma majandusmudeli suunas, mida veavad pigem leibkondade kulutused kui traditsioonilised mootorid nagu eksport ja ehitus.<\/p>\n<p>Jaem\u00fc\u00fcgi kasv langes aga aprillis eelmise aasta sama kuuga v\u00f5rreldes vaid 0,2 protsendini.<\/p>\n<p>See n\u00e4itaja oli aeglaseim kasv alates 2022. aasta detsembrist, mil riik oli h\u00e4das COVID-19 nakkuspuhanguga p\u00e4rast pandeemiapiirangute j\u00e4rsku t\u00fchistamist.<\/p>\n<p>See j\u00e4i alla Bloombergi majandusteadlaste k\u00fcsitlusel p\u00f5hinevale 2,0-protsendisele aprillikuu prognoosile.<\/p>\n<p>Ka t\u00f6\u00f6stustoodang j\u00e4i eelmisel kuul ootustele alla, n\u00e4itasid ametlikud andmed, kasvades aastatagusega v\u00f5rreldes 4,1 protsenti, mis on langus m\u00e4rtsikuu 5,7 protsendilt.<\/p>\n","protected":false},"excerpt":{"rendered":"Hiina tarbijate kulutused ja tehaste toodang kasvasid eelmisel kuul viimaste aastate aeglaseimas tempos, n\u00e4itasid esmasp\u00e4eval avaldatud ametlikud andmed.&hellip;\n","protected":false},"author":2,"featured_media":181143,"comment_status":"","ping_status":"","sticky":false,"template":"","format":"standard","meta":{"footnotes":"","_share_on_mastodon":"0"},"categories":[12],"tags":[26,27,37,33,35,34,36,31,32,21,326,28,29,19,15254,7227,25,2060,23,24,22,20,30],"class_list":["post-181142","post","type-post","status-publish","format-standard","has-post-thumbnail","category-eesti","tag-breaking-news","tag-breakingnews","tag-ee","tag-eesti","tag-eesti-keel","tag-estonia","tag-estonian","tag-featured-news","tag-featurednews","tag-headlines","tag-hiina","tag-latest-news","tag-latestnews","tag-news","tag-pandeemia","tag-peking","tag-populaarseimad-lood","tag-toostustoodang","tag-top-stories","tag-topstories","tag-uldised-uudised","tag-uudised","tag-viimased-uudised"],"share_on_mastodon":{"url":"https:\/\/pubeurope.com\/@ee\/116596247521455786","error":""},"_links":{"self":[{"href":"https:\/\/www.europesays.com\/ee\/wp-json\/wp\/v2\/posts\/181142","targetHints":{"allow":["GET"]}}],"collection":[{"href":"https:\/\/www.europesays.com\/ee\/wp-json\/wp\/v2\/posts"}],"about":[{"href":"https:\/\/www.europesays.com\/ee\/wp-json\/wp\/v2\/types\/post"}],"author":[{"embeddable":true,"href":"https:\/\/www.europesays.com\/ee\/wp-json\/wp\/v2\/users\/2"}],"replies":[{"embeddable":true,"href":"https:\/\/www.europesays.com\/ee\/wp-json\/wp\/v2\/comments?post=181142"}],"version-history":[{"count":0,"href":"https:\/\/www.europesays.com\/ee\/wp-json\/wp\/v2\/posts\/181142\/revisions"}],"wp:featuredmedia":[{"embeddable":true,"href":"https:\/\/www.europesays.com\/ee\/wp-json\/wp\/v2\/media\/181143"}],"wp:attachment":[{"href":"https:\/\/www.europesays.com\/ee\/wp-json\/wp\/v2\/media?parent=181142"}],"wp:term":[{"taxonomy":"category","embeddable":true,"href":"https:\/\/www.europesays.com\/ee\/wp-json\/wp\/v2\/categories?post=181142"},{"taxonomy":"post_tag","embeddable":true,"href":"https:\/\/www.europesays.com\/ee\/wp-json\/wp\/v2\/tags?post=181142"}],"curies":[{"name":"wp","href":"https:\/\/api.w.org\/{rel}","templated":true}]}}