{"id":181169,"date":"2026-05-18T15:48:07","date_gmt":"2026-05-18T15:48:07","guid":{"rendered":"https:\/\/www.europesays.com\/ee\/181169\/"},"modified":"2026-05-18T15:48:07","modified_gmt":"2026-05-18T15:48:07","slug":"fotod-tallinna-kulje-all-avati-uus-mcdonaldsi-restoran","status":"publish","type":"post","link":"https:\/\/www.europesays.com\/ee\/181169\/","title":{"rendered":"FOTOD | Tallinna k\u00fclje all avati uus McDonald\u2019si restoran"},"content":{"rendered":"<p>Laagris, aadressil P\u00e4rnu maantee 558a\/2 avatud uus McDonald\u2019si restoran asub Tallinna\u2013P\u00e4rnu maantee \u00e4\u00e4res Laagri Maksimarketi parklas, kohalikele h\u00e4sti tuntud ja kergesti ligip\u00e4\u00e4setavas asukohas.<\/p>\n<p>\u201eUue restorani avamine on meie jaoks oluline samm McDonald\u2019si kasvuloos Eestis. Asukoht sobib ideaalselt inimestele, kes on igap\u00e4evaselt liikvel v\u00f5i pikemal s\u00f5idul. Oma Laagri restorani ootame r\u00f5\u00f5muga nii kohalikke elanikke kui ka k\u00fclalisi. Meie eesm\u00e4rk on pakkuda hubast ja s\u00f5bralikku kohta, kus nautida head toitu ja koos aega veeta \u2013 olgu tegemist kiire peatuse v\u00f5i pere v\u00e4ljas\u00f5iduga,\u201c \u00fctles Premier Restaurants Balticsi tegevjuht Petre Tintoi.<\/p>\n<p>60 uut t\u00f6\u00f6kohta<\/p>\n<p>Uue restorani ehitusse ja sisustusse investeeriti 1,6 miljonit eurot. Restoran loob 60 uut t\u00f6\u00f6kohta, toetades seel\u00e4bi kohaliku kogukonna arengut ja piirkonna majandust. P\u00e4rast Laagri restorani avamist on Eestis kokku 12 McDonald\u2019si restorani ning kogu Baltikumis 46.<\/p>\n<p><img decoding=\"async\" src=\"https:\/\/static.delfi.ee\/portal-configuration\/legacy_assets\/arileht_delfi_ee\/n_icon-pullout.svg\"\/><\/p>\n<p>Premier Restaurants Eesti opereerib Eestis 12 McDonald\u2019si restorani ning annab t\u00f6\u00f6d enam kui 600 inimesele.<\/p>\n<p>430 ruutmeetri suuruses hoones on 80 istekohta siseruumides ning lisaks 46 kohta v\u00e4literrassil. Restoranis kasutatakse CUBE-sisekujunduskontseptsiooni, kus kuubi vorm s\u00fcmboliseerib McDonald\u2019si mitmekesiseid teenindusv\u00f5imalusi ja kliendikeskset l\u00e4henemist. Interj\u00f6\u00f6ris on kasutatud ka br\u00e4ndile omaseid m\u00e4ngulisi detaile ja peidetud naeratusi.<\/p>\n<p>Avamise t\u00e4histamiseks toimub t\u00e4na kell 17\u201320 eriprogramm meelelahutuse ja k\u00fclastajatele m\u00f5eldud eripakkumistega.<\/p>\n<p>Premier Restaurants Eesti opereerib Eestis 12 McDonald\u2019si restorani ning annab t\u00f6\u00f6d enam kui 600 inimesele.<\/p>\n<p>Kuidas see lugu Sind end tundma pani? Saada <a href=\"https:\/\/arileht.delfi.ee\/a\/120584546\/fotod-tallinna-kulje-all-avati-uus-mcdonald-si-restoran\/kommentaarid\" class=\"article-body-bottom__comment article-body-bottom__comment--write button button--primary button--size-auto\" rel=\"nofollow noopener\" target=\"_blank\"> Kommenteeri <\/a><a href=\"https:\/\/arileht.delfi.ee\/a\/120584546\/fotod-tallinna-kulje-all-avati-uus-mcdonald-si-restoran\/kommentaarid\" class=\"article-body-bottom__comment article-body-bottom__comment--read button button--size-auto\" rel=\"nofollow noopener\" target=\"_blank\"> Loe kommentaare (4)<\/a><\/p>\n","protected":false},"excerpt":{"rendered":"Laagris, aadressil P\u00e4rnu maantee 558a\/2 avatud uus McDonald\u2019si restoran asub Tallinna\u2013P\u00e4rnu maantee \u00e4\u00e4res Laagri Maksimarketi parklas, kohalikele h\u00e4sti&hellip;\n","protected":false},"author":2,"featured_media":181170,"comment_status":"","ping_status":"","sticky":false,"template":"","format":"standard","meta":{"footnotes":"","_share_on_mastodon":"0"},"categories":[14],"tags":[131,130,37,33,35,34,36,5031,80448,5879],"class_list":["post-181169","post","type-post","status-publish","format-standard","has-post-thumbnail","category-ari","tag-ari","tag-business","tag-ee","tag-eesti","tag-eesti-keel","tag-estonia","tag-estonian","tag-mcdonalds","tag-premier-restaurants-eesti","tag-restoran"],"share_on_mastodon":{"url":"https:\/\/pubeurope.com\/@ee\/116596369587346698","error":""},"_links":{"self":[{"href":"https:\/\/www.europesays.com\/ee\/wp-json\/wp\/v2\/posts\/181169","targetHints":{"allow":["GET"]}}],"collection":[{"href":"https:\/\/www.europesays.com\/ee\/wp-json\/wp\/v2\/posts"}],"about":[{"href":"https:\/\/www.europesays.com\/ee\/wp-json\/wp\/v2\/types\/post"}],"author":[{"embeddable":true,"href":"https:\/\/www.europesays.com\/ee\/wp-json\/wp\/v2\/users\/2"}],"replies":[{"embeddable":true,"href":"https:\/\/www.europesays.com\/ee\/wp-json\/wp\/v2\/comments?post=181169"}],"version-history":[{"count":0,"href":"https:\/\/www.europesays.com\/ee\/wp-json\/wp\/v2\/posts\/181169\/revisions"}],"wp:featuredmedia":[{"embeddable":true,"href":"https:\/\/www.europesays.com\/ee\/wp-json\/wp\/v2\/media\/181170"}],"wp:attachment":[{"href":"https:\/\/www.europesays.com\/ee\/wp-json\/wp\/v2\/media?parent=181169"}],"wp:term":[{"taxonomy":"category","embeddable":true,"href":"https:\/\/www.europesays.com\/ee\/wp-json\/wp\/v2\/categories?post=181169"},{"taxonomy":"post_tag","embeddable":true,"href":"https:\/\/www.europesays.com\/ee\/wp-json\/wp\/v2\/tags?post=181169"}],"curies":[{"name":"wp","href":"https:\/\/api.w.org\/{rel}","templated":true}]}}