{"id":181273,"date":"2026-05-18T18:22:10","date_gmt":"2026-05-18T18:22:10","guid":{"rendered":"https:\/\/www.europesays.com\/ee\/181273\/"},"modified":"2026-05-18T18:22:10","modified_gmt":"2026-05-18T18:22:10","slug":"openai-ja-selle-juhi-kohtusse-kaevanud-musk-jai-tuhjade-pihkudega-2","status":"publish","type":"post","link":"https:\/\/www.europesays.com\/ee\/181273\/","title":{"rendered":"OpenAi ja selle juhi kohtusse kaevanud Musk j\u00e4i t\u00fchjade pihkudega"},"content":{"rendered":"<p>\u00dcheksaliikmeline vandekohus otsustas, et Musk teadis OpenAI tegevusest, mida    ta hagis vaidlustas, juba 2021. aastal. Kuna hagi esitati alles 2024. aasta suvel, oli kolmeaastane   aegumist\u00e4htaeg                selleks ajaks m\u00f6\u00f6dunud. Juhtumit arutanud kohtunik Yvonne Gonzalez Rogers n\u00f5ustus vandekohtu                 j\u00e4reldusega ja l\u00f5petas kohtuasja kohe p\u00e4rast otsuse v\u00e4ljakuulutamist, kirjutas New York Times.<\/p>\n<p>Musk s\u00fc\u00fcdistas hagis OpenAI-d, selle tegevjuhti Sam Altmani ja presidenti Greg Brockmanit selles, et nad kaldusid k\u00f5rvale organisatsiooni algsest mittetulunduslikust              missioonist, l\u00f5id selle k\u00f5rvale \u00e4rilise struktuuri ning kaasasid Microsoftilt miljardeid dollareid investeeringuid. Muski hinnangul t\u00e4hendas see                 OpenAI algse missiooni reetmist ja v\u00f5imaldas juhtidel end eba\u00f5iglaselt rikastada.<\/p>\n<p>Lisaks rahalisele n\u00f5udele soovis Musk, et Altman eemaldataks OpenAI juhatusest ning peatataks    ettev\u00f5tte k\u00e4imas olev restruktureerimine, mille eesm\u00e4rk on muuta OpenAI \u00e4riline haru tavap\u00e4raseks kasumit                     taotlevaks ettev\u00f5tteks.  Kui kohus oleks selle n\u00f5ude rahuldanud, v\u00f5inuks see t\u00f5siselt kahjustada                                            OpenAI tegevust ajal, mil ettev\u00f5te konkureerib selliste <a rel=\"noopener nofollow\" target=\"_blank\" href=\"https:\/\/www.delfi.ee\/teema\/96849792\/tehisintellekt-1\" tag-id=\"96849792\">tehisintellekti<\/a> arendajatega nagu Google, Anthropic ja Hiina DeepSeek.<\/p>\n<p>Kuigi Musk andis kohtuprotsessi esimesel n\u00e4dalal ise tunnistusi ja viibis mitu p\u00e4eva kohtusaalis, ei olnud ta otsuse v\u00e4ljakuulutamise ajal kohal.                                                        Ka Sam Altman ja Greg Brockman puudusid otsuse kuulutamiselt.<\/p>\n<p>Musk oli \u00fcks OpenAI kaasasutajatest                                                           2015. aastal, kuid lahkus ettev\u00f5ttest hiljem erimeelsuste t\u00f5ttu. 2023. aastal asutas ta                      oma tehisintellektiettev\u00f5tte xAI, millest on saanud \u00fcks OpenAI peamisi konkurente. <\/p>\n<p>Kuidas see lugu Sind end tundma pani? Saada <a href=\"https:\/\/arileht.delfi.ee\/a\/120584694\/openai-ja-selle-juhi-kohtusse-kaevanud-musk-jai-tuhjade-pihkudega\/kommentaarid\" class=\"article-body-bottom__comment article-body-bottom__comment--write button button--primary button--size-auto\" rel=\"nofollow noopener\" target=\"_blank\"> Kommenteeri <\/a><a href=\"https:\/\/arileht.delfi.ee\/a\/120584694\/openai-ja-selle-juhi-kohtusse-kaevanud-musk-jai-tuhjade-pihkudega\/kommentaarid\" class=\"article-body-bottom__comment article-body-bottom__comment--read button button--size-auto\" rel=\"nofollow noopener\" target=\"_blank\"> Loe kommentaare (8)<\/a><\/p>\n","protected":false},"excerpt":{"rendered":"\u00dcheksaliikmeline vandekohus otsustas, et Musk teadis OpenAI tegevusest, mida ta hagis vaidlustas, juba 2021. aastal. Kuna hagi esitati&hellip;\n","protected":false},"author":2,"featured_media":181266,"comment_status":"","ping_status":"","sticky":false,"template":"","format":"standard","meta":{"footnotes":"","_share_on_mastodon":"0"},"categories":[14],"tags":[131,130,37,33,35,846,34,36,2361,2358,2359,373],"class_list":["post-181273","post","type-post","status-publish","format-standard","has-post-thumbnail","category-ari","tag-ari","tag-business","tag-ee","tag-eesti","tag-eesti-keel","tag-elon-musk","tag-estonia","tag-estonian","tag-greg-brockman","tag-openai","tag-sam-altman","tag-tehisintellekt"],"share_on_mastodon":{"url":"https:\/\/pubeurope.com\/@ee\/116596974995309500","error":""},"_links":{"self":[{"href":"https:\/\/www.europesays.com\/ee\/wp-json\/wp\/v2\/posts\/181273","targetHints":{"allow":["GET"]}}],"collection":[{"href":"https:\/\/www.europesays.com\/ee\/wp-json\/wp\/v2\/posts"}],"about":[{"href":"https:\/\/www.europesays.com\/ee\/wp-json\/wp\/v2\/types\/post"}],"author":[{"embeddable":true,"href":"https:\/\/www.europesays.com\/ee\/wp-json\/wp\/v2\/users\/2"}],"replies":[{"embeddable":true,"href":"https:\/\/www.europesays.com\/ee\/wp-json\/wp\/v2\/comments?post=181273"}],"version-history":[{"count":0,"href":"https:\/\/www.europesays.com\/ee\/wp-json\/wp\/v2\/posts\/181273\/revisions"}],"wp:featuredmedia":[{"embeddable":true,"href":"https:\/\/www.europesays.com\/ee\/wp-json\/wp\/v2\/media\/181266"}],"wp:attachment":[{"href":"https:\/\/www.europesays.com\/ee\/wp-json\/wp\/v2\/media?parent=181273"}],"wp:term":[{"taxonomy":"category","embeddable":true,"href":"https:\/\/www.europesays.com\/ee\/wp-json\/wp\/v2\/categories?post=181273"},{"taxonomy":"post_tag","embeddable":true,"href":"https:\/\/www.europesays.com\/ee\/wp-json\/wp\/v2\/tags?post=181273"}],"curies":[{"name":"wp","href":"https:\/\/api.w.org\/{rel}","templated":true}]}}