{"id":181300,"date":"2026-05-18T19:05:09","date_gmt":"2026-05-18T19:05:09","guid":{"rendered":"https:\/\/www.europesays.com\/ee\/181300\/"},"modified":"2026-05-18T19:05:09","modified_gmt":"2026-05-18T19:05:09","slug":"nhli-tippvaravavahil-oli-mmil-ouduste-ohtu","status":"publish","type":"post","link":"https:\/\/www.europesays.com\/ee\/181300\/","title":{"rendered":"NHLi tippv\u00e4ravavahil oli MMil \u00f5uduste \u00f5htu"},"content":{"rendered":"<p>Woll, kes teenib <a rel=\"noopener nofollow\" target=\"_blank\" href=\"https:\/\/www.delfi.ee\/teema\/56817664\/nhl\" tag-id=\"56817664\">NHLis<\/a> hooaja eest 3,7 miljonit dollarit, vahetati teise kolmandiku alguses v\u00e4lja Calgary Flamesis m\u00e4ngiva Devin Cooley vastu.<\/p>\n<p>Pettunud Woll p\u00e4rast kohtumist kommentaare ei andnud ja k\u00f5ndis meediatsoonist s\u00f5nagi lausumata m\u00f6\u00f6da. <\/p>\n<p>\u201eTa [Woll] on v\u00f5istlushimuline mees. Ta arvab kindlasti, et oleks m\u00f5nes olukorras v\u00f5inud paremini m\u00e4ngida,\u201c s\u00f5nas USA peatreener Don Granato mat\u0161i j\u00e4rel.<\/p>\n<p>\u00dchtlasi kiitis ameeriklaste juhendaja soomlasi: \u201eNad olid teravad. Paar pealeviset olid t\u00f5esti t\u00e4psed ja v\u00e4ljakutsuvad. Ma pole ka kindel, kas meie kaitsjad aitasid oma v\u00e4ravavahti m\u00e4ngu alguses piisavalt.\u201c<\/p>\n<p>\u201eV\u00f5istlushimulise mehena n\u00f5uab ta [ Woll] endalt rohkem. Treenerina olen meeskonna p\u00e4rast rohkem mures. Ma tean Josephit ja tal on olnud suurep\u00e4rane karj\u00e4\u00e4r. Temaga saab k\u00f5ik korda. On hoopis teised asjad, mida peame sellel turniiril parandama,\u201c lisas Granato.<\/p>\n<p>27-aastane Woll on v\u00f5itnud USA juunioride koondisega kaks MM-medalit &#8211; 2017. aastal kulla ja aasta hiljem pronksi.<\/p>\n<p>Kuidas see lugu Sind end tundma pani? Saada <a href=\"https:\/\/sport.delfi.ee\/artikkel\/120584696\/nhli-tippvaravavahil-oli-mmil-ouduste-ohtu\/kommentaarid\" class=\"article-body-bottom__comment article-body-bottom__comment--write button button--primary button--size-auto\" rel=\"nofollow noopener\" target=\"_blank\"> Kommenteeri <\/a><a href=\"https:\/\/sport.delfi.ee\/artikkel\/120584696\/nhli-tippvaravavahil-oli-mmil-ouduste-ohtu\/kommentaarid\" class=\"article-body-bottom__comment article-body-bottom__comment--read button button--size-auto\" rel=\"nofollow noopener\" target=\"_blank\"> Loe kommentaare <\/a><\/p>\n","protected":false},"excerpt":{"rendered":"Woll, kes teenib NHLis hooaja eest 3,7 miljonit dollarit, vahetati teise kolmandiku alguses v\u00e4lja Calgary Flamesis m\u00e4ngiva Devin&hellip;\n","protected":false},"author":2,"featured_media":181301,"comment_status":"","ping_status":"","sticky":false,"template":"","format":"standard","meta":{"footnotes":"","_share_on_mastodon":"0"},"categories":[18],"tags":[37,33,35,34,36,6333,4936,159,158,18001],"class_list":["post-181300","post","type-post","status-publish","format-standard","has-post-thumbnail","category-sport","tag-ee","tag-eesti","tag-eesti-keel","tag-estonia","tag-estonian","tag-jaahoki","tag-nhl","tag-sport","tag-sports","tag-toronto-maple-leafs"],"share_on_mastodon":{"url":"https:\/\/pubeurope.com\/@ee\/116597143797100276","error":""},"_links":{"self":[{"href":"https:\/\/www.europesays.com\/ee\/wp-json\/wp\/v2\/posts\/181300","targetHints":{"allow":["GET"]}}],"collection":[{"href":"https:\/\/www.europesays.com\/ee\/wp-json\/wp\/v2\/posts"}],"about":[{"href":"https:\/\/www.europesays.com\/ee\/wp-json\/wp\/v2\/types\/post"}],"author":[{"embeddable":true,"href":"https:\/\/www.europesays.com\/ee\/wp-json\/wp\/v2\/users\/2"}],"replies":[{"embeddable":true,"href":"https:\/\/www.europesays.com\/ee\/wp-json\/wp\/v2\/comments?post=181300"}],"version-history":[{"count":0,"href":"https:\/\/www.europesays.com\/ee\/wp-json\/wp\/v2\/posts\/181300\/revisions"}],"wp:featuredmedia":[{"embeddable":true,"href":"https:\/\/www.europesays.com\/ee\/wp-json\/wp\/v2\/media\/181301"}],"wp:attachment":[{"href":"https:\/\/www.europesays.com\/ee\/wp-json\/wp\/v2\/media?parent=181300"}],"wp:term":[{"taxonomy":"category","embeddable":true,"href":"https:\/\/www.europesays.com\/ee\/wp-json\/wp\/v2\/categories?post=181300"},{"taxonomy":"post_tag","embeddable":true,"href":"https:\/\/www.europesays.com\/ee\/wp-json\/wp\/v2\/tags?post=181300"}],"curies":[{"name":"wp","href":"https:\/\/api.w.org\/{rel}","templated":true}]}}