{"id":181369,"date":"2026-05-18T20:44:11","date_gmt":"2026-05-18T20:44:11","guid":{"rendered":"https:\/\/www.europesays.com\/ee\/181369\/"},"modified":"2026-05-18T20:44:11","modified_gmt":"2026-05-18T20:44:11","slug":"valus-hoop-kuressaarele-resultatiivselt-manginud-talu-murdis-rangluu-soccernet-ee","status":"publish","type":"post","link":"https:\/\/www.europesays.com\/ee\/181369\/","title":{"rendered":"Valus hoop Kuressaarele: resultatiivselt m\u00e4nginud Talu murdis rangluu &#8211; Soccernet.ee"},"content":{"rendered":"<p><img decoding=\"async\" src=\"https:\/\/www.europesays.com\/ee\/wp-content\/uploads\/2026\/05\/1779132594.jpg\" alt=\"Rasmus Talu haiglavoodis. Foto: FC Kuressaare\"\/>&#13;\n<\/p>\n<p>Premium liigas \u00fcheksandal kohal asuv Kuressaare andis teada, et r\u00fcndav poolkaitsja Rasmus Talu murdis eelmises kohtumises rangluu ja teda ootab ees vigastuspaus.<\/p>\n<p>Kuressaare kohtus p\u00fchap\u00e4eval Premium liiga m\u00e4ngus koduv\u00e4ljakul N\u00f5mme Kaljuga. Talu kukkus 54. minutil p\u00e4rast kontakti Kalju poolkaitsja Oleksandr Musolitiniga valusalt \u00f5la peale, t\u00f5usis p\u00fcsti alles kaks ja pool minutit hiljem ning lahkus v\u00e4ljakult j\u00e4\u00e4koti ja valugrimasside saatel.\u00a0&#13;\n<\/p>\n<p>&#8220;P\u00fchap\u00e4evase m\u00e4ngu k\u00e4igus toimunud kokkup\u00f5rke tagaj\u00e4rjel v\u00e4ljakult lahkuma pidanud Talu toimetati otse staadionilt haiglasse. Esmasp\u00e4eva hommikul teostati talle Kuressaare haiglas edukas operatsioon. T\u00e4psem prognoos ja taastusravi kava selgub l\u00e4hiajal,&#8221; teatas Kuressaare sotsiaalmeedias.&#13;\n<\/p>\n<p>18-aastane Talu liitus Kuressaarega t\u00e4navu jaanuaris, kui s\u00f5lmis klubiga kolmeaastase lepingu. Ta on sel hooajal m\u00e4nginud 12 kohtumist (11 algkoosseisus), l\u00f6\u00f6nud kaks v\u00e4ravat ja andnud kolm v\u00e4ravas\u00f6\u00f6tu.&#13;<\/p>\n","protected":false},"excerpt":{"rendered":"&#13; Premium liigas \u00fcheksandal kohal asuv Kuressaare andis teada, et r\u00fcndav poolkaitsja Rasmus Talu murdis eelmises kohtumises rangluu&hellip;\n","protected":false},"author":2,"featured_media":181370,"comment_status":"","ping_status":"","sticky":false,"template":"","format":"standard","meta":{"footnotes":"","_share_on_mastodon":"0"},"categories":[18],"tags":[37,33,35,34,36,451,456,837,167,17351,159,158,17352],"class_list":["post-181369","post","type-post","status-publish","format-standard","has-post-thumbnail","category-sport","tag-ee","tag-eesti","tag-eesti-keel","tag-estonia","tag-estonian","tag-fc-kuressaare","tag-kuressaare","tag-meistriliiga","tag-premium-liiga","tag-rasmus-talu","tag-sport","tag-sports","tag-talu"],"share_on_mastodon":{"url":"https:\/\/pubeurope.com\/@ee\/116597533336868939","error":""},"_links":{"self":[{"href":"https:\/\/www.europesays.com\/ee\/wp-json\/wp\/v2\/posts\/181369","targetHints":{"allow":["GET"]}}],"collection":[{"href":"https:\/\/www.europesays.com\/ee\/wp-json\/wp\/v2\/posts"}],"about":[{"href":"https:\/\/www.europesays.com\/ee\/wp-json\/wp\/v2\/types\/post"}],"author":[{"embeddable":true,"href":"https:\/\/www.europesays.com\/ee\/wp-json\/wp\/v2\/users\/2"}],"replies":[{"embeddable":true,"href":"https:\/\/www.europesays.com\/ee\/wp-json\/wp\/v2\/comments?post=181369"}],"version-history":[{"count":0,"href":"https:\/\/www.europesays.com\/ee\/wp-json\/wp\/v2\/posts\/181369\/revisions"}],"wp:featuredmedia":[{"embeddable":true,"href":"https:\/\/www.europesays.com\/ee\/wp-json\/wp\/v2\/media\/181370"}],"wp:attachment":[{"href":"https:\/\/www.europesays.com\/ee\/wp-json\/wp\/v2\/media?parent=181369"}],"wp:term":[{"taxonomy":"category","embeddable":true,"href":"https:\/\/www.europesays.com\/ee\/wp-json\/wp\/v2\/categories?post=181369"},{"taxonomy":"post_tag","embeddable":true,"href":"https:\/\/www.europesays.com\/ee\/wp-json\/wp\/v2\/tags?post=181369"}],"curies":[{"name":"wp","href":"https:\/\/api.w.org\/{rel}","templated":true}]}}