{"id":181460,"date":"2026-05-18T23:51:24","date_gmt":"2026-05-18T23:51:24","guid":{"rendered":"https:\/\/www.europesays.com\/ee\/181460\/"},"modified":"2026-05-18T23:51:24","modified_gmt":"2026-05-18T23:51:24","slug":"thunderi-taht-shai-gilgeous-alexander-valitakse-teist-aastat-jarjest-nba-koige-vaartuslikumaks-mangijaks","status":"publish","type":"post","link":"https:\/\/www.europesays.com\/ee\/181460\/","title":{"rendered":"Thunderi t\u00e4ht Shai Gilgeous-Alexander valitakse teist aastat j\u00e4rjest NBA k\u00f5ige v\u00e4\u00e4rtuslikumaks m\u00e4ngijaks"},"content":{"rendered":"<p>ESPN-i teatel h\u00f5ikab NBA Thunderi tagam\u00e4ngija MVP auhinna laureaadina v\u00e4lja kohaliku aja j\u00e4rgi p\u00fchap\u00e4eva \u00f5htul. 27-aastasest kanadalasest saab 14. m\u00e4ngija NBA ajaloos, kes kahel j\u00e4rjestikusel hooajal MVP tiitli p\u00e4lvinud. <\/p>\n<p>Viimati sai sellega aastatel 2021-2022 hakkama Denver Nuggetsi superstaar <a rel=\"noopener nofollow\" target=\"_blank\" href=\"https:\/\/www.delfi.ee\/teema\/77571512\/nikola-jokic\" tag-id=\"77571512\">Nikola Jokic<\/a>. Praegustest tegevm\u00e4ngijatest on sama suutnud veel vaid Giannis Antetokounmpo, Stephen Curry ja LeBron James.<\/p>\n<p>Mullu NBA meistriks tulnud Oklahoma City Thunder sai t\u00e4navu p\u00f5hiturniiril esikoha 64 v\u00f5idu ja 18 kaotusega. Gilgeous-Alexander viskas p\u00f5hihooajal keskmiselt 31,1 punkti, jagas 6,6 s\u00f6\u00f6tu ja noppis 4,3 lauapalli m\u00e4ngu kohta.<\/p>\n<p>OKC on NBA-s j\u00f5udnud l\u00e4\u00e4nekonverentsi finaali, kus ootab ees <a rel=\"noopener nofollow\" target=\"_blank\" href=\"https:\/\/www.delfi.ee\/teema\/56497952\/san-antonio-spurs\" tag-id=\"56497952\">San Antonio Spurs<\/a>. Nelja v\u00f5iduni peetav seeria algab Eesti aja j\u00e4rgi \u00f6\u00f6l vastu teisip\u00e4eva. Idakonverentsis selgub teine finalist Eesti aja j\u00e4rgi esmasp\u00e4eva varahommikul, kui otsustavas seitsmendas m\u00e4ngus kohtuvad Detroit Pistons ja Cleveland Cavaliers. Vastasseisu v\u00f5itjat ootab ees New York Knicks.<\/p>\n<p>Kuidas see lugu Sind end tundma pani? Saada <a href=\"https:\/\/sport.delfi.ee\/a\/120584377\/thunderi-taht-shai-gilgeous-alexander-valitakse-teist-aastat-jarjest-nba-koige-vaartuslikumaks-mangijaks\/kommentaarid\" class=\"article-body-bottom__comment article-body-bottom__comment--write button button--primary button--size-auto\" rel=\"nofollow noopener\" target=\"_blank\"> Kommenteeri <\/a><a href=\"https:\/\/sport.delfi.ee\/a\/120584377\/thunderi-taht-shai-gilgeous-alexander-valitakse-teist-aastat-jarjest-nba-koige-vaartuslikumaks-mangijaks\/kommentaarid\" class=\"article-body-bottom__comment article-body-bottom__comment--read button button--size-auto\" rel=\"nofollow noopener\" target=\"_blank\"> Loe kommentaare <\/a><\/p>\n","protected":false},"excerpt":{"rendered":"ESPN-i teatel h\u00f5ikab NBA Thunderi tagam\u00e4ngija MVP auhinna laureaadina v\u00e4lja kohaliku aja j\u00e4rgi p\u00fchap\u00e4eva \u00f5htul. 27-aastasest kanadalasest saab&hellip;\n","protected":false},"author":2,"featured_media":181461,"comment_status":"","ping_status":"","sticky":false,"template":"","format":"standard","meta":{"footnotes":"","_share_on_mastodon":"0"},"categories":[18],"tags":[37,33,35,34,36,33887,4391,13489,13486,15437,13490,159,158],"class_list":["post-181460","post","type-post","status-publish","format-standard","has-post-thumbnail","category-sport","tag-ee","tag-eesti","tag-eesti-keel","tag-estonia","tag-estonian","tag-mvp","tag-nba","tag-nikola-jokic","tag-oklahoma-city-thunder","tag-san-antonio-spurs","tag-shai-gilgeous-alexander","tag-sport","tag-sports"],"share_on_mastodon":{"url":"https:\/\/pubeurope.com\/@ee\/116598268476487376","error":""},"_links":{"self":[{"href":"https:\/\/www.europesays.com\/ee\/wp-json\/wp\/v2\/posts\/181460","targetHints":{"allow":["GET"]}}],"collection":[{"href":"https:\/\/www.europesays.com\/ee\/wp-json\/wp\/v2\/posts"}],"about":[{"href":"https:\/\/www.europesays.com\/ee\/wp-json\/wp\/v2\/types\/post"}],"author":[{"embeddable":true,"href":"https:\/\/www.europesays.com\/ee\/wp-json\/wp\/v2\/users\/2"}],"replies":[{"embeddable":true,"href":"https:\/\/www.europesays.com\/ee\/wp-json\/wp\/v2\/comments?post=181460"}],"version-history":[{"count":0,"href":"https:\/\/www.europesays.com\/ee\/wp-json\/wp\/v2\/posts\/181460\/revisions"}],"wp:featuredmedia":[{"embeddable":true,"href":"https:\/\/www.europesays.com\/ee\/wp-json\/wp\/v2\/media\/181461"}],"wp:attachment":[{"href":"https:\/\/www.europesays.com\/ee\/wp-json\/wp\/v2\/media?parent=181460"}],"wp:term":[{"taxonomy":"category","embeddable":true,"href":"https:\/\/www.europesays.com\/ee\/wp-json\/wp\/v2\/categories?post=181460"},{"taxonomy":"post_tag","embeddable":true,"href":"https:\/\/www.europesays.com\/ee\/wp-json\/wp\/v2\/tags?post=181460"}],"curies":[{"name":"wp","href":"https:\/\/api.w.org\/{rel}","templated":true}]}}