{"id":181539,"date":"2026-05-19T05:03:08","date_gmt":"2026-05-19T05:03:08","guid":{"rendered":"https:\/\/www.europesays.com\/ee\/181539\/"},"modified":"2026-05-19T05:03:08","modified_gmt":"2026-05-19T05:03:08","slug":"fotod-kasitoo-mida-eksporditakse-miljonite-eurode-eest-asutaja-hea-et-mul-ladadega-seda-sidet-ei-tekkinud","status":"publish","type":"post","link":"https:\/\/www.europesays.com\/ee\/181539\/","title":{"rendered":"FOTOD | K\u00e4sit\u00f6\u00f6, mida eksporditakse miljonite eurode eest. Asutaja: hea, et mul Ladadega seda sidet ei tekkinud"},"content":{"rendered":"<p>Peeter Sarevet ja Sulev Narusk on olnud s\u00f5brad ja \u00e4ripartnerid aastak\u00fcmneid. Koos veetakse ettev\u00f5tet Benefit AS, mis tegeleb autot\u00f6\u00f6kodade projekteerimise, seadmestamise, hooldamise ja materjalidega varustamisega. Praeguseks on aga \u00fcks asi viinud teiseni ning p\u00f5hi\u00e4rile lisaks tegutsetakse garaa\u017eis, mis on uunikumide omanike seas \u00fclipopulaarne ja k\u00f5rgelt hinnatud. Nimelt restaureeritakse seal uunikume.<\/p>\n<p>Aastas v\u00f5etakse teha kolm-neli restaureerimist\u00f6\u00f6d, mille pikkust ei m\u00f5\u00f5deta mitte p\u00e4evades v\u00f5i n\u00e4dalates, vaid kuudes ja aastates. \u201eMina kutsun seda autoarheoloogiaks, eks me parajad arheoloogid ole,\u201c iseloomustab Narusk t\u00f6\u00f6d, mida nad teevad.<\/p>\n<p>Oled juba tellija?Logi sisse<\/p>\n<p><a href=\"https:\/\/arileht.delfi.ee\/a\/120584094\/fotod-kasitoo-mida-eksporditakse-miljonite-eurode-eest-asutaja-hea-et-mul-ladadega-seda-sidet-ei-tekkinud\/kommentaarid\" class=\"article-body-bottom__comment article-body-bottom__comment--write button button--primary button--size-auto\" rel=\"nofollow noopener\" target=\"_blank\"> Kommenteeri <\/a><a href=\"https:\/\/arileht.delfi.ee\/a\/120584094\/fotod-kasitoo-mida-eksporditakse-miljonite-eurode-eest-asutaja-hea-et-mul-ladadega-seda-sidet-ei-tekkinud\/kommentaarid\" class=\"article-body-bottom__comment article-body-bottom__comment--read button button--size-auto\" rel=\"nofollow noopener\" target=\"_blank\"> Loe kommentaare (5)<\/a><\/p>\n","protected":false},"excerpt":{"rendered":"Peeter Sarevet ja Sulev Narusk on olnud s\u00f5brad ja \u00e4ripartnerid aastak\u00fcmneid. Koos veetakse ettev\u00f5tet Benefit AS, mis tegeleb&hellip;\n","protected":false},"author":2,"featured_media":181540,"comment_status":"","ping_status":"","sticky":false,"template":"","format":"standard","meta":{"footnotes":"","_share_on_mastodon":"0"},"categories":[5],"tags":[39468,2016,26,27,37,33,35,34,36,31,32,7596,21,10747,28,29,6190,19,25,30182,23,24,22,20,30,80488],"class_list":["post-181539","post","type-post","status-publish","format-standard","has-post-thumbnail","category-uldised-uudised","tag-alfa-romeo","tag-autod","tag-breaking-news","tag-breakingnews","tag-ee","tag-eesti","tag-eesti-keel","tag-estonia","tag-estonian","tag-featured-news","tag-featurednews","tag-ferrari","tag-headlines","tag-jaguar","tag-latest-news","tag-latestnews","tag-mercedes-benz","tag-news","tag-populaarseimad-lood","tag-restaureerimine","tag-top-stories","tag-topstories","tag-uldised-uudised","tag-uudised","tag-viimased-uudised","tag-vintage"],"share_on_mastodon":{"url":"https:\/\/pubeurope.com\/@ee\/116599495417167937","error":""},"_links":{"self":[{"href":"https:\/\/www.europesays.com\/ee\/wp-json\/wp\/v2\/posts\/181539","targetHints":{"allow":["GET"]}}],"collection":[{"href":"https:\/\/www.europesays.com\/ee\/wp-json\/wp\/v2\/posts"}],"about":[{"href":"https:\/\/www.europesays.com\/ee\/wp-json\/wp\/v2\/types\/post"}],"author":[{"embeddable":true,"href":"https:\/\/www.europesays.com\/ee\/wp-json\/wp\/v2\/users\/2"}],"replies":[{"embeddable":true,"href":"https:\/\/www.europesays.com\/ee\/wp-json\/wp\/v2\/comments?post=181539"}],"version-history":[{"count":0,"href":"https:\/\/www.europesays.com\/ee\/wp-json\/wp\/v2\/posts\/181539\/revisions"}],"wp:featuredmedia":[{"embeddable":true,"href":"https:\/\/www.europesays.com\/ee\/wp-json\/wp\/v2\/media\/181540"}],"wp:attachment":[{"href":"https:\/\/www.europesays.com\/ee\/wp-json\/wp\/v2\/media?parent=181539"}],"wp:term":[{"taxonomy":"category","embeddable":true,"href":"https:\/\/www.europesays.com\/ee\/wp-json\/wp\/v2\/categories?post=181539"},{"taxonomy":"post_tag","embeddable":true,"href":"https:\/\/www.europesays.com\/ee\/wp-json\/wp\/v2\/tags?post=181539"}],"curies":[{"name":"wp","href":"https:\/\/api.w.org\/{rel}","templated":true}]}}