{"id":181563,"date":"2026-05-19T05:46:08","date_gmt":"2026-05-19T05:46:08","guid":{"rendered":"https:\/\/www.europesays.com\/ee\/181563\/"},"modified":"2026-05-19T05:46:08","modified_gmt":"2026-05-19T05:46:08","slug":"juulist-ootab-tallinlasi-jarsk-prugiveo-hinnatous","status":"publish","type":"post","link":"https:\/\/www.europesays.com\/ee\/181563\/","title":{"rendered":"Juulist ootab tallinlasi j\u00e4rsk pr\u00fcgiveo hinnat\u00f5us"},"content":{"rendered":"<p>Hinnamuudatus puudutab segaolmej\u00e4\u00e4tmete ja v\u00e4hemal m\u00e4\u00e4ral bioj\u00e4\u00e4tmete \u00e4raveo teenust. Paberi \u00fcleandmine on j\u00e4tkuvalt tasuta ning lisateenuste hinnad ei t\u00f5use.<\/p>\n<p>\u201eJ\u00e4\u00e4tmeveo hinnamuutus ei tulene linna otsusest, vaid riikliku saastetasu suurenemisest. Linn saab siin tegutseda \u00fcksnes kehtiva \u00f5igusraamistiku piires ning omalt poolt j\u00e4lgime, et j\u00e4\u00e4tmevedajate hinnat\u00f5usu taotlused oleks vaid riikliku saastetasu t\u00f5usu ulatuses,\u201c \u00fctles Tallinna abilinnapea Kristjan J\u00e4rvan.<\/p>\n<p>J\u00e4\u00e4tmevedajad on esitanud k\u00f5igi Tallinna j\u00e4\u00e4tmeveopiirkondade kohta hinnamuudatuse taotlused, mille vastavust lepingus lubatule on linn kontrollinud. Uued hinnad hakkavad kehtima 1. juulist ning j\u00e4\u00e4tmevedajad teavitavad elanikke t\u00e4psetest hindadest maikuu jooksul.<\/p>\n<p>Keskmiselt t\u00f5useb segaolmej\u00e4\u00e4tmete veo hind Tallinnas ligikaudu 63 protsenti, kuid hinnamuutus s\u00f5ltub j\u00e4\u00e4tmeveopiirkonnast, mahuti suurusest ja senisest teenuse hinnast. N\u00e4iteks t\u00f5useb Kesklinna piirkonnas arvutuste kohaselt 240-liitrise segaolmej\u00e4\u00e4tmete mahuti \u00fche t\u00fchjenduskorra hind 1,86 euro v\u00f5rra ehk 3,16 eurolt 5,02 euroni ning 800-liitrise mahuti t\u00fchjendamise hind 3,37 euro v\u00f5rra ehk 6,60 eurolt 10,47 euroni. Bioj\u00e4\u00e4tmete 140-liitrise mahuti t\u00fchjendushind t\u00f5useb samal ajal 0,71 eurolt 1,13 euroni. Vanapaberi \u00e4ravedu j\u00e4\u00e4b elanikele endiselt tasuta.<\/p>\n<p>K\u00f5ige enam kallineb just segaolmej\u00e4\u00e4tmete \u00fcleandmine, kuna need j\u00e4\u00e4tmed suunatakse p\u00f5letusse v\u00f5i pr\u00fcgilasse, mis on j\u00e4\u00e4tmek\u00e4itluseks k\u00f5ige kallim ja suurema keskkonnam\u00f5juga viis. Teiste j\u00e4\u00e4tmeliikide soodsam \u00fcleandmine soodustab liigiti kogumist.<\/p>\n<p>Hinnat\u00f5usu m\u00f5ju saab leevendada juba praegu. Oluline on, et segaolmej\u00e4\u00e4tmete mahutisse saaksid vaid need j\u00e4\u00e4tmed, mida ei ole v\u00f5imalik liigiti koguda. Kui bioj\u00e4\u00e4tmed, pakendid ja paber kogutakse eraldi ning segaolmej\u00e4\u00e4tmete maht v\u00e4heneb, on v\u00f5imalik v\u00e4hendada nii t\u00fchjendamissagedust kui ka kulusid. M\u00f5nes eramajapidamises v\u00f5ib piisata segaolmej\u00e4\u00e4tmete \u00e4raveost kord kvartalis, mis aitab hinnat\u00f5usu m\u00f5ju oluliselt tasandada.<\/p>\n<p>Lisainfot j\u00e4\u00e4tmereformi ja j\u00e4\u00e4tmete liigiti kogumise v\u00f5imaluste kohta leiab Tallinna <a rel=\"noopener follow nofollow\" target=\"_blank\" href=\"https:\/\/www.tallinn.ee\/jaatmereform\" data-rel-date-range=\"[]\">kodulehelt<\/a>. Korteri\u00fchistud ja eramajaomanikud, kes vajavad j\u00e4\u00e4tmete kogumise korraldamisel n\u00f5u v\u00f5i abi, saavad p\u00f6\u00f6rduda Tallinna strateegiakeskuse ringmajanduse osakonna poole aadressil <a rel=\"noopener nofollow\" target=\"_blank\" href=\"https:\/\/arileht.delfi.ee\/a\/120584722\/mailto:jaatmed@tallinnlv.ee\" data-rel-date-range=\"[]\">jaatmed@tallinnlv.ee<\/a>.<\/p>\n<p>Kuidas see lugu Sind end tundma pani? Saada <a href=\"https:\/\/arileht.delfi.ee\/a\/120584722\/juulist-tousevad-tallinnas-riikliku-jaatmereformi-tottu-prugiveo-hinnad\/kommentaarid\" class=\"article-body-bottom__comment article-body-bottom__comment--write button button--primary button--size-auto\" rel=\"nofollow noopener\" target=\"_blank\"> Kommenteeri <\/a><a href=\"https:\/\/arileht.delfi.ee\/a\/120584722\/juulist-tousevad-tallinnas-riikliku-jaatmereformi-tottu-prugiveo-hinnad\/kommentaarid\" class=\"article-body-bottom__comment article-body-bottom__comment--read button button--size-auto\" rel=\"nofollow noopener\" target=\"_blank\"> Loe kommentaare (2)<\/a><\/p>\n","protected":false},"excerpt":{"rendered":"Hinnamuudatus puudutab segaolmej\u00e4\u00e4tmete ja v\u00e4hemal m\u00e4\u00e4ral bioj\u00e4\u00e4tmete \u00e4raveo teenust. Paberi \u00fcleandmine on j\u00e4tkuvalt tasuta ning lisateenuste hinnad ei&hellip;\n","protected":false},"author":2,"featured_media":181564,"comment_status":"","ping_status":"","sticky":false,"template":"","format":"standard","meta":{"footnotes":"","_share_on_mastodon":"0"},"categories":[12],"tags":[26,27,37,33,35,34,36,31,32,21,43,10996,10262,28,29,19,25,2130,23,24,22,20,30],"class_list":["post-181563","post","type-post","status-publish","format-standard","has-post-thumbnail","category-eesti","tag-breaking-news","tag-breakingnews","tag-ee","tag-eesti","tag-eesti-keel","tag-estonia","tag-estonian","tag-featured-news","tag-featurednews","tag-headlines","tag-hinnatous","tag-jaatmereform","tag-jaatmevedu","tag-latest-news","tag-latestnews","tag-news","tag-populaarseimad-lood","tag-tallinn","tag-top-stories","tag-topstories","tag-uldised-uudised","tag-uudised","tag-viimased-uudised"],"share_on_mastodon":{"url":"https:\/\/pubeurope.com\/@ee\/116599664449093118","error":""},"_links":{"self":[{"href":"https:\/\/www.europesays.com\/ee\/wp-json\/wp\/v2\/posts\/181563","targetHints":{"allow":["GET"]}}],"collection":[{"href":"https:\/\/www.europesays.com\/ee\/wp-json\/wp\/v2\/posts"}],"about":[{"href":"https:\/\/www.europesays.com\/ee\/wp-json\/wp\/v2\/types\/post"}],"author":[{"embeddable":true,"href":"https:\/\/www.europesays.com\/ee\/wp-json\/wp\/v2\/users\/2"}],"replies":[{"embeddable":true,"href":"https:\/\/www.europesays.com\/ee\/wp-json\/wp\/v2\/comments?post=181563"}],"version-history":[{"count":0,"href":"https:\/\/www.europesays.com\/ee\/wp-json\/wp\/v2\/posts\/181563\/revisions"}],"wp:featuredmedia":[{"embeddable":true,"href":"https:\/\/www.europesays.com\/ee\/wp-json\/wp\/v2\/media\/181564"}],"wp:attachment":[{"href":"https:\/\/www.europesays.com\/ee\/wp-json\/wp\/v2\/media?parent=181563"}],"wp:term":[{"taxonomy":"category","embeddable":true,"href":"https:\/\/www.europesays.com\/ee\/wp-json\/wp\/v2\/categories?post=181563"},{"taxonomy":"post_tag","embeddable":true,"href":"https:\/\/www.europesays.com\/ee\/wp-json\/wp\/v2\/tags?post=181563"}],"curies":[{"name":"wp","href":"https:\/\/api.w.org\/{rel}","templated":true}]}}