{"id":181613,"date":"2026-05-19T06:52:12","date_gmt":"2026-05-19T06:52:12","guid":{"rendered":"https:\/\/www.europesays.com\/ee\/181613\/"},"modified":"2026-05-19T06:52:12","modified_gmt":"2026-05-19T06:52:12","slug":"andrei-kante-eestikeelsele-oppele-uleminekuks-loosungitest-ei-piisa-arvamus","status":"publish","type":"post","link":"https:\/\/www.europesays.com\/ee\/181613\/","title":{"rendered":"Andrei Kante: eestikeelsele \u00f5ppele \u00fcleminekuks loosungitest ei piisa | Arvamus"},"content":{"rendered":"<p>Reformierakond on riigikogu valimiste eel asunud oma valijaid mobiliseerima silmakirjalikul viisil, kasutades teemasid, mille kujundamises ei ole nad olnud ei sisulised panustajad ega vastutustundlikud eestvedajad. Eriti ilmekalt tuleb see esile eestikeelsele \u00f5ppele \u00fclemineku puhul, kirjutab Andrei Kante.<\/p>\n<p>Eestikeelsele \u00f5ppele \u00fcleminek on kahtlemata riigi \u00fcks suurimaid ja olulisemaid hariduspoliitilisi muutusi, mille \u00f5nnestumine s\u00f5ltub v\u00e4ga paljudest teguritest, kuid eelk\u00f5ige l\u00e4bim\u00f5eldud ja professionaalsest juhtimisest. Koolid ja kohalikud omavalitsused teevad iga p\u00e4ev sisulist t\u00f6\u00f6d, et tagada igale lapsele kvaliteetne eestikeelne haridus, s\u00f5ltumata tema kodusest keelest.<\/p>\n<p>Samal ajal eelistavad Reformierakonna poliitikud vastutuse v\u00f5tmise asemel tegeleda odava populaarsuse kogumisega, k\u00fclvates avalikkuses segadust ja alav\u00e4\u00e4ristades \u00f5petajate ning haridusjuhtide igap\u00e4evast t\u00f6\u00f6d.<\/p>\n<p>\u00dcleminek eestikeelsele \u00f5ppele peab l\u00e4htuma selgetest ja realistlikest p\u00f5him\u00f5tetest. Seadusandja on p\u00f5hikooli- ja g\u00fcmnaasiumiseaduses s\u00e4testanud \u00fclemineku loogika ja ajakava, mis arvestab hariduss\u00fcsteemi tegeliku v\u00f5imekusega. Samuti on haridus- ja teadusministeerium hinnanud \u00fclemineku ettevalmistamisel riske ning valinud ajagraafiku, mis v\u00f5imaldaks koolidel muudatustega kohaneda ilma, et kannataks \u00f5ppekvaliteet v\u00f5i \u00f5petajate kvalifikatsioon.<\/p>\n<p>Tallinn viib eestikeelsele \u00f5ppele \u00fcleminekut ellu vastutustundlikult ja seadusega koosk\u00f5las. Seejuures tasub r\u00f5hutada Reformierakonna silmakirjalikkust: riigi tasandil, kus nad juhivad valitsust, aga pole pidanud vajalikuks algatada ega l\u00e4bi suruda muudatusi, mis kiirendaksid eestikeelsele \u00f5ppele \u00fcleminekut. Samal ajal n\u00f5uavad nad Tallinnas j\u00e4rsku ja forsseeritud tempot, ignoreerides reaalseid ressursipiiranguid ning s\u00fcsteemi valmisolekut.<\/p>\n<p><a href=\"https:\/\/vikerraadio.err.ee\/1609983454\/toomas-kruusimagi-eestikeelsele-oppele-uleminek-tallinnas-toppab\" target=\"_blank\" rel=\"noopener nofollow\">Toomas Kruusim\u00e4gi on Vikerraadio eetris<\/a> esitanud Tallinna tegevuse kohta sedav\u00f5rd palju eksitavaid v\u00e4iteid, et tekib paratamatult k\u00fcsimus tema p\u00e4devuses ja aususes selles arutelus. Pikaaegse koolijuhina peaks ta v\u00e4ga h\u00e4sti m\u00f5istma, mida t\u00e4hendab vastutustundlik juhtimine ja kui ohtlik on levitada puudulikul v\u00f5i kallutatud informatsioonil p\u00f5hinevaid seisukohti. Paraku j\u00e4\u00e4b mulje, et ta kas ei taju enda rolli eestikeelsele \u00f5ppele \u00fclemineku elluviimisel v\u00f5i on otsustanud teadlikult avalikkust eksitada.<\/p>\n<p>Samuti ei saa m\u00f6\u00f6da vaadata Kruusim\u00e4e enda poliitilisest rollist. Tallinna linnavolikogu esimehena oli ta osa Reformierakonna poliitilisest ebastabiilsusest ja vastutustundetust k\u00e4itumisest, kus nelikliidust korduvalt lahkuti ja sinna tagasi p\u00f6\u00f6rduti. Just nende valitsemise ajal tehti 2024. ja 2025. aastal otsuseid, mis v\u00f5imaldasid muukeelset \u00f5pet klassides, mis ei kuulunud \u00fclemineku sihtr\u00fchma. Tollal ei r\u00e4\u00e4kinud keegi Reformierakonnast vajadusest kiirendada eestikeelsele \u00f5ppele \u00fcleminekut, vaid hoopis toetati lahendusi, mis pikendasid senist olukorda.<\/p>\n<p>P\u00e4rast valimistel saadud tagasil\u00f6\u00f6ke on toon kardinaalselt muutunud ning p\u00fc\u00fctakse j\u00e4tta mulje, et kogu s\u00fcsteemi saab \u00fcle\u00f6\u00f6 \u00fcmber kujundada. Nende arvates oleks v\u00f5imalik juba j\u00e4rgmisel aastal viia eestikeelsele \u00f5ppele \u00fcle ka kolmas kooliaste. See on vastutustundetu.<\/p>\n<p>Reaalsus on karm, ainu\u00fcksi \u00fcleminekukoolid vajavad j\u00e4rgmise \u00f5ppeaasta alguseks 229 uut \u00f5petajat ning kiiremaks \u00fcleminekuks oleks vaja t\u00e4iendavalt 176 \u00f5petajat, kellest 39 peaksid olema matemaatika\u00f5petajad.<\/p>\n<p>K\u00f5ige t\u00f5sisem probleem on siiski see, et Reformierakond ei paku sisulisi lahendusi ei riigi ega kohaliku tasandi probleemidele. \u00d5petajate puudus s\u00fcveneb, kuid riigi tasandil otsused venivad v\u00f5i j\u00e4\u00e4vadki tegemata. \u00dclikoolidega vajalikud kokkulepped on s\u00f5lmimata ning koolid j\u00e4etakse sisuliselt \u00fcksi keerulises olukorras hakkama saama. See on otsene n\u00e4ide juhtpartei vastutustundetusest.<\/p>\n<p>Tallinna vaates on pigem \u00f5nn, et eestikeelsele \u00f5ppele \u00fcleminekut ei juhi Reformierakond, sest nende senine tegevus riigi tasandil ei anna p\u00f5hjust uskuda, et nad suudaksid seda protsessi paremini korraldada. S\u00f5nade asemel ootame tegusid, eriti valitsuselt, kellel on olemas volitused ja vastutus teha otsuseid, mis tegelikult aitaksid hariduss\u00fcsteemi, mitte ei looks poliitilisi loosungeid.<\/p>\n<p>\u00d5petajate puudus on tohutu, kuid otsused riigi tasandil toppavad. Siiani ei ole \u00fclikoolidega halduslepinguid s\u00f5lmitud ning koolid peavad ise otsima lahendusi, et p\u00e4\u00e4sta vabalanguses olevat hariduss\u00fcsteemi. Infom\u00fcra asemel ootame valitsuselt tegusid, sh \u00f5petajate koolitamisel ja motiveerimisel.<\/p>\n","protected":false},"excerpt":{"rendered":"Reformierakond on riigikogu valimiste eel asunud oma valijaid mobiliseerima silmakirjalikul viisil, kasutades teemasid, mille kujundamises ei ole nad&hellip;\n","protected":false},"author":2,"featured_media":181614,"comment_status":"","ping_status":"","sticky":false,"template":"","format":"standard","meta":{"footnotes":"","_share_on_mastodon":"0"},"categories":[12],"tags":[21259,26,27,37,33,35,14262,34,36,31,32,406,21,4057,28,29,19,25,643,2130,854,80498,23,24,22,4242,20,30],"class_list":["post-181613","post","type-post","status-publish","format-standard","has-post-thumbnail","category-eesti","tag-andrei-kante","tag-breaking-news","tag-breakingnews","tag-ee","tag-eesti","tag-eesti-keel","tag-eestikeelne-ope","tag-estonia","tag-estonian","tag-featured-news","tag-featurednews","tag-haridus","tag-headlines","tag-koolid","tag-latest-news","tag-latestnews","tag-news","tag-populaarseimad-lood","tag-reformierakond","tag-tallinn","tag-tallinna-linnavalitsus","tag-toomas-kruusimagi","tag-top-stories","tag-topstories","tag-uldised-uudised","tag-ulikoolid","tag-uudised","tag-viimased-uudised"],"share_on_mastodon":{"url":"https:\/\/pubeurope.com\/@ee\/116599923883499316","error":""},"_links":{"self":[{"href":"https:\/\/www.europesays.com\/ee\/wp-json\/wp\/v2\/posts\/181613","targetHints":{"allow":["GET"]}}],"collection":[{"href":"https:\/\/www.europesays.com\/ee\/wp-json\/wp\/v2\/posts"}],"about":[{"href":"https:\/\/www.europesays.com\/ee\/wp-json\/wp\/v2\/types\/post"}],"author":[{"embeddable":true,"href":"https:\/\/www.europesays.com\/ee\/wp-json\/wp\/v2\/users\/2"}],"replies":[{"embeddable":true,"href":"https:\/\/www.europesays.com\/ee\/wp-json\/wp\/v2\/comments?post=181613"}],"version-history":[{"count":0,"href":"https:\/\/www.europesays.com\/ee\/wp-json\/wp\/v2\/posts\/181613\/revisions"}],"wp:featuredmedia":[{"embeddable":true,"href":"https:\/\/www.europesays.com\/ee\/wp-json\/wp\/v2\/media\/181614"}],"wp:attachment":[{"href":"https:\/\/www.europesays.com\/ee\/wp-json\/wp\/v2\/media?parent=181613"}],"wp:term":[{"taxonomy":"category","embeddable":true,"href":"https:\/\/www.europesays.com\/ee\/wp-json\/wp\/v2\/categories?post=181613"},{"taxonomy":"post_tag","embeddable":true,"href":"https:\/\/www.europesays.com\/ee\/wp-json\/wp\/v2\/tags?post=181613"}],"curies":[{"name":"wp","href":"https:\/\/api.w.org\/{rel}","templated":true}]}}