{"id":181687,"date":"2026-05-19T08:18:06","date_gmt":"2026-05-19T08:18:06","guid":{"rendered":"https:\/\/www.europesays.com\/ee\/181687\/"},"modified":"2026-05-19T08:18:06","modified_gmt":"2026-05-19T08:18:06","slug":"ikea-koondab-kogu-maailmas-sadu-tootajaid","status":"publish","type":"post","link":"https:\/\/www.europesays.com\/ee\/181687\/","title":{"rendered":"IKEA koondab kogu maailmas sadu t\u00f6\u00f6tajaid"},"content":{"rendered":"<p>Ettev\u00f5tte finantsjuht Henrik Elm \u00fctles, et IKEA peab muutuma kiiremaks ja paindlikumaks. Tema s\u00f5nul tuleb otsuseid teha senisest tempokamalt ning keskenduda k\u00f5ige t\u00e4htsamatele eesm\u00e4rkidele.<\/p>\n<p>Elmi s\u00f5nul on inimeste rahaline kindlustunne olnud juba m\u00f5nda aega n\u00f5rk, kuid Iraani s\u00f5da on olukorra veelgi keerulisemaks muutnud. \u00abPaljude inimeste v\u00f5imalused raha kulutada v\u00e4henevad, eriti nendel, kelleni me tahame j\u00f5uda,\u00bb \u00fctles ta.<\/p>\n<p>Tema s\u00f5nul soovib IKEA hoida hinnad klientidele v\u00f5imalikult madalad, kuid selleks peab ettev\u00f5te ka enda kulusid k\u00e4rpima. \u00abTahame, et inimesed saaksid meie tooteid endale lubada, aga seda on raske teha, kui ettev\u00f5tte kulud on liiga suured,\u00bb m\u00e4rkis Elm.<\/p>\n<p>Nii Inter IKEA kui ka selle suurim frantsiisipartner Ingka Group, kellele kuulub maailmas enamik IKEA kauplusi, said eelmise aasta l\u00f5pul uue tegevjuhi. Sellele eelnes IKEA teine j\u00e4rjestikune aasta, mil m\u00fc\u00fcgitulemused langesid.<\/p>\n<p>Ka Ingka Group teatas m\u00e4rtsis plaanist v\u00e4hendada kontorit\u00f6\u00f6tajate arvu 800 inimese v\u00f5rra.<\/p>\n","protected":false},"excerpt":{"rendered":"Ettev\u00f5tte finantsjuht Henrik Elm \u00fctles, et IKEA peab muutuma kiiremaks ja paindlikumaks. Tema s\u00f5nul tuleb otsuseid teha senisest&hellip;\n","protected":false},"author":2,"featured_media":181688,"comment_status":"","ping_status":"","sticky":false,"template":"","format":"standard","meta":{"footnotes":"","_share_on_mastodon":"0"},"categories":[14],"tags":[131,130,37,33,35,34,36,80510,11432,80509,80508,30854,45486],"class_list":["post-181687","post","type-post","status-publish","format-standard","has-post-thumbnail","category-ari","tag-ari","tag-business","tag-ee","tag-eesti","tag-eesti-keel","tag-estonia","tag-estonian","tag-henrik-elm","tag-ikea","tag-ingka-group","tag-inter-ikea-group","tag-kulude-kokkuhoid","tag-tootajate-koondamine"],"share_on_mastodon":{"url":"https:\/\/pubeurope.com\/@ee\/116600262309463148","error":""},"_links":{"self":[{"href":"https:\/\/www.europesays.com\/ee\/wp-json\/wp\/v2\/posts\/181687","targetHints":{"allow":["GET"]}}],"collection":[{"href":"https:\/\/www.europesays.com\/ee\/wp-json\/wp\/v2\/posts"}],"about":[{"href":"https:\/\/www.europesays.com\/ee\/wp-json\/wp\/v2\/types\/post"}],"author":[{"embeddable":true,"href":"https:\/\/www.europesays.com\/ee\/wp-json\/wp\/v2\/users\/2"}],"replies":[{"embeddable":true,"href":"https:\/\/www.europesays.com\/ee\/wp-json\/wp\/v2\/comments?post=181687"}],"version-history":[{"count":0,"href":"https:\/\/www.europesays.com\/ee\/wp-json\/wp\/v2\/posts\/181687\/revisions"}],"wp:featuredmedia":[{"embeddable":true,"href":"https:\/\/www.europesays.com\/ee\/wp-json\/wp\/v2\/media\/181688"}],"wp:attachment":[{"href":"https:\/\/www.europesays.com\/ee\/wp-json\/wp\/v2\/media?parent=181687"}],"wp:term":[{"taxonomy":"category","embeddable":true,"href":"https:\/\/www.europesays.com\/ee\/wp-json\/wp\/v2\/categories?post=181687"},{"taxonomy":"post_tag","embeddable":true,"href":"https:\/\/www.europesays.com\/ee\/wp-json\/wp\/v2\/tags?post=181687"}],"curies":[{"name":"wp","href":"https:\/\/api.w.org\/{rel}","templated":true}]}}