{"id":181741,"date":"2026-05-19T09:14:08","date_gmt":"2026-05-19T09:14:08","guid":{"rendered":"https:\/\/www.europesays.com\/ee\/181741\/"},"modified":"2026-05-19T09:14:08","modified_gmt":"2026-05-19T09:14:08","slug":"german-golubi-filmi-teie-teenistuses-tunnustati-cannesi-filmiturul-preemiaga-film","status":"publish","type":"post","link":"https:\/\/www.europesays.com\/ee\/181741\/","title":{"rendered":"German Golubi filmi &#8220;Teie teenistuses&#8221; tunnustati Cannes&#8217;i filmiturul preemiaga | Film"},"content":{"rendered":"<p>Maailma suurim filmiturg March\u00e9 du Film tunnustas German Golubi uut filmi &#8220;Teie teenistuses&#8221;. Peagi valmiv linateos v\u00f5itis \u00fche programmi &#8220;Goes to Cannes&#8221; kolmest auhinnast, mille pani v\u00e4lja Prantsuse voogedastusplatvorm Cin\u00e9+ OCS. <\/p>\n<p>Auhinna suuruseks on 15 000 eurot. Cannes&#8217;i filmifestivalile viis Golubi j\u00e4rgmise filmi P\u00d6FF. Tunnustuse p\u00e4lvis ka teine P\u00d6FF-i esitletud film, Hispaania re\u017eiss\u00f6\u00f6ri Daniel Romero Bueno p\u00f5nevusdraama &#8220;T\u00fctred&#8221;, mis p\u00e4lvis filmistuudio ja -levitaja Sideral Cinema 10 000 euro suuruse preemia.\u00a0See on esimene kord, kui Cannes&#8217;is on tunnustatud P\u00d6FF-i projekte.<\/p>\n<p>Kokku osales programmis &#8220;Goes to Cannes&#8221; 34 filmi, mis esindasid viit spetsiaalselt kutsutud filmifestivali ja kaht oma regiooni suurimat filmiturgu. Lisaks P\u00d6FF-ile said v\u00f5imaluse tutvustada oma projekte Tokyo, Rio de Janeiro, Adelaide\u00b4i ja esimest korda ka Nigeerias toimuv Aafrika filmifestival ning Hong Kong \u2013 Asia Film Financing Forum ja Ladina-Ameerika filmit\u00f6\u00f6stust esindav Ventana Sur.<\/p>\n<p>Programmi eesm\u00e4rk on esitleda m\u00fc\u00fcgiagentidele, levitajatele ja festivalide programmikoostajatele noorte andekate autorite j\u00e4reltootmises olevaid filmiprojekte, et sillutada neile teed rahvusvahelisele turule.<\/p>\n<p>&#8220;Teie teenistuses&#8221; on &#8220;Meie Erika&#8221; autori German Golubi tragikom\u00f6\u00f6dia Ida-Virumaal elavast patrullpolitseinikust Helenist, kelle l\u00e4hedane paneb toime kuriteo. Naine peab valima, kas p\u00e4\u00e4sta iseennast, oma perekond v\u00f5i karj\u00e4\u00e4r \u2013 ta otsustab p\u00e4\u00e4sta k\u00f5ik.<\/p>\n<p>Keeruliste moraalsete valikute ees seisvat Helenit kehastab Piret Krumm.<\/p>\n<p>J\u00e4rgmise aasta alguses kinodesse j\u00f5udev linateos valmib stuudios Stellar Film.<\/p>\n<p>P\u00d6FF viis t\u00e4navu Cannes\u00b4i viis filmi, lisaks &#8220;Teie teenistuses&#8221; ja &#8220;T\u00fctardele&#8221; veel Eeva M\u00e4gi lavastatud dokumentaalfilmi &#8220;Mo Hunt&#8221;, Luksemburgi re\u017eiss\u00f6\u00f6ri Stephen Korytko musta kom\u00f6\u00f6dia &#8220;Surnud isa t\u00fcdruk&#8221; ja Hollandi re\u017eiss\u00f6\u00f6ri Edson da Concei\u00e7\u00e3o draama &#8220;Kadunud poeg&#8221;. Esitletavad filmid valiti v\u00e4lja rahvusvahelisel konkursil.<\/p>\n","protected":false},"excerpt":{"rendered":"Maailma suurim filmiturg March\u00e9 du Film tunnustas German Golubi uut filmi &#8220;Teie teenistuses&#8221;. Peagi valmiv linateos v\u00f5itis \u00fche&hellip;\n","protected":false},"author":2,"featured_media":181742,"comment_status":"","ping_status":"","sticky":false,"template":"","format":"standard","meta":{"footnotes":"","_share_on_mastodon":"0"},"categories":[80],"tags":[26,27,11814,37,33,35,34,36,31,32,28104,21,80518,28,29,95,19,2870,25,40187,23,24,22,20,30,92,93,94],"class_list":["post-181741","post","type-post","status-publish","format-standard","has-post-thumbnail","category-maailm","tag-breaking-news","tag-breakingnews","tag-cannes","tag-ee","tag-eesti","tag-eesti-keel","tag-estonia","tag-estonian","tag-featured-news","tag-featurednews","tag-german-golub","tag-headlines","tag-helen-krumm","tag-latest-news","tag-latestnews","tag-maailm","tag-news","tag-poff","tag-populaarseimad-lood","tag-teie-teenistuses","tag-top-stories","tag-topstories","tag-uldised-uudised","tag-uudised","tag-viimased-uudised","tag-world","tag-world-news","tag-worldnews"],"share_on_mastodon":{"url":"https:\/\/pubeurope.com\/@ee\/116600482423408579","error":""},"_links":{"self":[{"href":"https:\/\/www.europesays.com\/ee\/wp-json\/wp\/v2\/posts\/181741","targetHints":{"allow":["GET"]}}],"collection":[{"href":"https:\/\/www.europesays.com\/ee\/wp-json\/wp\/v2\/posts"}],"about":[{"href":"https:\/\/www.europesays.com\/ee\/wp-json\/wp\/v2\/types\/post"}],"author":[{"embeddable":true,"href":"https:\/\/www.europesays.com\/ee\/wp-json\/wp\/v2\/users\/2"}],"replies":[{"embeddable":true,"href":"https:\/\/www.europesays.com\/ee\/wp-json\/wp\/v2\/comments?post=181741"}],"version-history":[{"count":0,"href":"https:\/\/www.europesays.com\/ee\/wp-json\/wp\/v2\/posts\/181741\/revisions"}],"wp:featuredmedia":[{"embeddable":true,"href":"https:\/\/www.europesays.com\/ee\/wp-json\/wp\/v2\/media\/181742"}],"wp:attachment":[{"href":"https:\/\/www.europesays.com\/ee\/wp-json\/wp\/v2\/media?parent=181741"}],"wp:term":[{"taxonomy":"category","embeddable":true,"href":"https:\/\/www.europesays.com\/ee\/wp-json\/wp\/v2\/categories?post=181741"},{"taxonomy":"post_tag","embeddable":true,"href":"https:\/\/www.europesays.com\/ee\/wp-json\/wp\/v2\/tags?post=181741"}],"curies":[{"name":"wp","href":"https:\/\/api.w.org\/{rel}","templated":true}]}}