{"id":181747,"date":"2026-05-19T09:22:08","date_gmt":"2026-05-19T09:22:08","guid":{"rendered":"https:\/\/www.europesays.com\/ee\/181747\/"},"modified":"2026-05-19T09:22:08","modified_gmt":"2026-05-19T09:22:08","slug":"sel-aastal-ei-nae-me-laval-midagi-tavalist-erki-moeshow-toimub-juba-sel-laupaeval","status":"publish","type":"post","link":"https:\/\/www.europesays.com\/ee\/181747\/","title":{"rendered":"\u201eSel aastal ei n\u00e4e me laval midagi tavalist.\u201c ERKI Moeshow toimub juba sel laup\u00e4eval"},"content":{"rendered":"<p>ERKI Moeshow 2026 peaprodutsent Helen Leetsar \u00fctleb tulevase moeetenduse kohta: \u201eERKI on alati olnud \u00fcllatusi t\u00e4is. Julgen kinnitada, et ka sel aastal ei n\u00e4e me laval midagi tavalist. On ootamatuid materjale, hullumeelseid vorme ja performatiivseid esitlusi. Ka lava tehniline lahendus ega toimumiskoht, Kruiisiterminal, pole ERKI kontekstis p\u00e4ris tavap\u00e4rased. Usun, et publik saab sellest \u00f5htust v\u00e4ga mitmekihilise, loomingulisest s\u00fcnergiast laetud elamuse.\u201c<\/p>\n<p>T\u00e4navusele ERKI Moeshow lavale j\u00f5uab kaksteist julget ja oman\u00e4olist kollektsiooni, mille autoriteks on noored disainerid Eestist ning \u00fcks autor ka L\u00e4tist. Iga kollektsioon jutustab oma isiklikku lugu r\u00f5ivaste, heli, liikumise ja lavaruumi kaudu, tuues publiku ette eriilmelised maailmad ja v\u00e4rsked vaated kaasaegsele moele.<\/p>\n<p>ERKI Moeshow 2026 lavale j\u00f5uavad j\u00e4rgmised disainerid:<\/p>\n<p>Meeli Kombe ja J\u00fcrgen Sinnep<\/p>\n<p>Anette Loviisa Kurvits ja kaasautorid Liisa Kivirand, Betty Sikmann, Darja Lap\u0161ina, Franka Varm, Rebecca Joanna Papp<\/p>\n<p>K\u00f5ik ERKI Moeshow 2026 lavale j\u00f5udnud kollektsioonid kandideerivad rahalisele preemiale, mis on jagatud kolmeks kategooriaks: Pr\u00eat-\u00e0-porter ehk valmisr\u00f5ivad, Fashion as Art ehk mood kui kunst ning Innovative Approaches of Fashion ehk uuenduslikud t\u00f6\u00f6v\u00f5tted moekunstis.<\/p>\n<p>ERKI Moeshow 2026 v\u00f5itjad selgitab v\u00e4lja \u017e\u00fcrii, kuhu kuuluvad tunnustatud moe- ja kunstivaldkonna eksperdid: Auria Nurm, disainer; Aki Choklat, disainer; Carmen Kass, modell; Katrin Aasmaa, disainer; Lena Lumelsky, disainer; Lukas Krob, disainer; Tjerre Lucas Bijker, moegurmaan, uurija ja kirjanik; ning Ellora Prior, kujutav kunstnik ja Eyes on Talentsi esindaja.<\/p>\n<p>ERKI Moeshow koosneb kahest klassikalisest vaatusest ning kolmandast osast ehk showcase\u2019ist, kus publikul avaneb v\u00f5imalus kollektsioonidega l\u00e4hemalt tutvuda ja kogeda loomingut vahetumalt ka v\u00e4ljaspool lavalist formaati.<\/p>\n<p><a href=\"http:\/\/annestiil.delfi.ee\/artikkel\/120381504\/top-10-varu-aega-et-vaadata-erki-moeshow-silmapaistvad-kulalised#dalrel-in-article\" class=\"content-embedded-articles-single__embedded-article\" data-v-469265ed=\"\" rel=\"nofollow noopener\" target=\"_blank\"><\/p>\n<p> 02.06.2025 <\/p>\n<p> TOP 10 | \u201eVaru aega, et vaadata!\u201c ERKI Moeshow\u2019 silmapaistvad k\u00fclalised  <\/p>\n<p><\/a><\/p>\n","protected":false},"excerpt":{"rendered":"ERKI Moeshow 2026 peaprodutsent Helen Leetsar \u00fctleb tulevase moeetenduse kohta: \u201eERKI on alati olnud \u00fcllatusi t\u00e4is. Julgen kinnitada,&hellip;\n","protected":false},"author":2,"featured_media":181748,"comment_status":"","ping_status":"","sticky":false,"template":"","format":"standard","meta":{"footnotes":"","_share_on_mastodon":"0"},"categories":[16],"tags":[9634,37,33,35,173,34,36,9635,5030,140,5396,2928],"class_list":["post-181747","post","type-post","status-publish","format-standard","has-post-thumbnail","category-meelelahutus","tag-anne-stiil","tag-ee","tag-eesti","tag-eesti-keel","tag-entertainment","tag-estonia","tag-estonian","tag-ilutrendid","tag-karjaar","tag-meelelahutus","tag-mood","tag-suhted"],"share_on_mastodon":{"url":"https:\/\/pubeurope.com\/@ee\/116600513854069226","error":""},"_links":{"self":[{"href":"https:\/\/www.europesays.com\/ee\/wp-json\/wp\/v2\/posts\/181747","targetHints":{"allow":["GET"]}}],"collection":[{"href":"https:\/\/www.europesays.com\/ee\/wp-json\/wp\/v2\/posts"}],"about":[{"href":"https:\/\/www.europesays.com\/ee\/wp-json\/wp\/v2\/types\/post"}],"author":[{"embeddable":true,"href":"https:\/\/www.europesays.com\/ee\/wp-json\/wp\/v2\/users\/2"}],"replies":[{"embeddable":true,"href":"https:\/\/www.europesays.com\/ee\/wp-json\/wp\/v2\/comments?post=181747"}],"version-history":[{"count":0,"href":"https:\/\/www.europesays.com\/ee\/wp-json\/wp\/v2\/posts\/181747\/revisions"}],"wp:featuredmedia":[{"embeddable":true,"href":"https:\/\/www.europesays.com\/ee\/wp-json\/wp\/v2\/media\/181748"}],"wp:attachment":[{"href":"https:\/\/www.europesays.com\/ee\/wp-json\/wp\/v2\/media?parent=181747"}],"wp:term":[{"taxonomy":"category","embeddable":true,"href":"https:\/\/www.europesays.com\/ee\/wp-json\/wp\/v2\/categories?post=181747"},{"taxonomy":"post_tag","embeddable":true,"href":"https:\/\/www.europesays.com\/ee\/wp-json\/wp\/v2\/tags?post=181747"}],"curies":[{"name":"wp","href":"https:\/\/api.w.org\/{rel}","templated":true}]}}