{"id":181923,"date":"2026-05-19T13:17:14","date_gmt":"2026-05-19T13:17:14","guid":{"rendered":"https:\/\/www.europesays.com\/ee\/181923\/"},"modified":"2026-05-19T13:17:14","modified_gmt":"2026-05-19T13:17:14","slug":"petlik-kevad-%e2%9f%a9-kas-voornalkjaid-on-toesti-tavaparasest-vahem","status":"publish","type":"post","link":"https:\/\/www.europesays.com\/ee\/181923\/","title":{"rendered":"PETLIK KEVAD \u27e9 Kas v\u00f5\u00f5rn\u00e4lkjaid on t\u00f5esti tavap\u00e4rasest v\u00e4hem?"},"content":{"rendered":"<p>Kuigi t\u00e4navune kuiv kevad on muutnud v\u00f5\u00f5rn\u00e4lkjad aedades ja t\u00e4navatel v\u00e4hem silmatorkavaks, ei t\u00e4henda see, et oht oleks m\u00f6\u00f6das v\u00f5i et m\u00f6\u00f6dunud talv nende arvukust kuidagi v\u00e4hendas. Vastupidi \u2013 pealtn\u00e4ha rahulik olukord v\u00f5ib anda petliku turvatunde.<\/p>\n<p>N\u00e4lkjad on lihtsalt varjunud niiskematesse peidupaikadesse ning vihmasemate ilmade saabudes v\u00f5ivad nad taas kiiresti aktiivseks muutuda.<\/p>\n","protected":false},"excerpt":{"rendered":"Kuigi t\u00e4navune kuiv kevad on muutnud v\u00f5\u00f5rn\u00e4lkjad aedades ja t\u00e4navatel v\u00e4hem silmatorkavaks, ei t\u00e4henda see, et oht oleks&hellip;\n","protected":false},"author":2,"featured_media":181924,"comment_status":"","ping_status":"","sticky":false,"template":"","format":"standard","meta":{"footnotes":"","_share_on_mastodon":"0"},"categories":[80],"tags":[3427,3431,3426,26,27,37,33,35,3450,3456,3445,34,36,3451,31,32,21,3429,1155,3455,3428,44,28,29,3432,1952,3442,426,3439,95,3444,3437,3448,3443,3086,3425,19,443,3452,3433,3449,3447,3424,3441,3435,25,3446,3430,134,3454,3440,3453,371,3434,23,24,3436,22,20,3438,30,92,93,94],"class_list":["post-181923","post","type-post","status-publish","format-standard","has-post-thumbnail","category-maailm","tag-aed","tag-aedviljad","tag-aiatarkus","tag-breaking-news","tag-breakingnews","tag-ee","tag-eesti","tag-eesti-keel","tag-eesti-pollumajandus-kaubanduskoda","tag-eesti-talupidajate-keskliit","tag-erakorraline-toetus","tag-estonia","tag-estonian","tag-etki","tag-featured-news","tag-featurednews","tag-headlines","tag-juurviljakasvatus","tag-kalandus","tag-kerli-ats","tag-koduaed","tag-koogiviljakasvatus","tag-latest-news","tag-latestnews","tag-lilled","tag-looduskalender","tag-loomakasvatus","tag-maaelu","tag-maaettevotlus","tag-maailm","tag-maamess","tag-maaturism","tag-maaulikool","tag-mahetootmine","tag-metsandus","tag-metsatoostus","tag-news","tag-olustvere","tag-parim-talu","tag-piimakari","tag-polli","tag-pollimajandustoetus","tag-pollumajandus","tag-pollumajanduspoliitika","tag-pollumajandustehnika","tag-populaarseimad-lood","tag-pria","tag-puuviljakasvatus","tag-rohepoore","tag-roomet-sormus","tag-taimetark","tag-talutoit","tag-tehnika","tag-toiduainetoostus","tag-top-stories","tag-topstories","tag-turism","tag-uldised-uudised","tag-uudised","tag-vaikeettevotlus","tag-viimased-uudised","tag-world","tag-world-news","tag-worldnews"],"share_on_mastodon":{"url":"","error":"Validation failed: Text character limit of 500 exceeded"},"_links":{"self":[{"href":"https:\/\/www.europesays.com\/ee\/wp-json\/wp\/v2\/posts\/181923","targetHints":{"allow":["GET"]}}],"collection":[{"href":"https:\/\/www.europesays.com\/ee\/wp-json\/wp\/v2\/posts"}],"about":[{"href":"https:\/\/www.europesays.com\/ee\/wp-json\/wp\/v2\/types\/post"}],"author":[{"embeddable":true,"href":"https:\/\/www.europesays.com\/ee\/wp-json\/wp\/v2\/users\/2"}],"replies":[{"embeddable":true,"href":"https:\/\/www.europesays.com\/ee\/wp-json\/wp\/v2\/comments?post=181923"}],"version-history":[{"count":0,"href":"https:\/\/www.europesays.com\/ee\/wp-json\/wp\/v2\/posts\/181923\/revisions"}],"wp:featuredmedia":[{"embeddable":true,"href":"https:\/\/www.europesays.com\/ee\/wp-json\/wp\/v2\/media\/181924"}],"wp:attachment":[{"href":"https:\/\/www.europesays.com\/ee\/wp-json\/wp\/v2\/media?parent=181923"}],"wp:term":[{"taxonomy":"category","embeddable":true,"href":"https:\/\/www.europesays.com\/ee\/wp-json\/wp\/v2\/categories?post=181923"},{"taxonomy":"post_tag","embeddable":true,"href":"https:\/\/www.europesays.com\/ee\/wp-json\/wp\/v2\/tags?post=181923"}],"curies":[{"name":"wp","href":"https:\/\/api.w.org\/{rel}","templated":true}]}}