{"id":181947,"date":"2026-05-19T13:50:14","date_gmt":"2026-05-19T13:50:14","guid":{"rendered":"https:\/\/www.europesays.com\/ee\/181947\/"},"modified":"2026-05-19T13:50:14","modified_gmt":"2026-05-19T13:50:14","slug":"ikea-koondab-ule-maailma-tuhatkond-tootajat-2","status":"publish","type":"post","link":"https:\/\/www.europesays.com\/ee\/181947\/","title":{"rendered":"IKEA koondab \u00fcle maailma tuhatkond t\u00f6\u00f6tajat"},"content":{"rendered":"<p>\u201ePeame muutuma kiiremaks, l\u00fchendama otsustusprotsesse ja keskendumagi neile kahele asjale,\u201c \u00fctles Inter IKEA finantsjuht Henrik Elm Reutersile antud intervjuus.<\/p>\n<p>Tema s\u00f5nul on tarbijate kindlustunne juba pikemat aega langenud, mida on n\u00fc\u00fcd Iraani s\u00f5da veelgi \u00f5\u00f5nestanud. \u201ePaljude inimeste sissetulek v\u00e4heneb, eriti nende tarbijate puhul, keda me tahame k\u00f5netada,\u201c \u00fctles Elm.<\/p>\n<p>Oled juba tellija?Logi sisse<\/p>\n<p><a href=\"https:\/\/arileht.delfi.ee\/artikkel\/120584601\/ikea-koondab-ule-maailma-tuhatkond-tootajat\/kommentaarid\" class=\"article-body-bottom__comment article-body-bottom__comment--write button button--primary button--size-auto\" rel=\"nofollow noopener\" target=\"_blank\"> Kommenteeri <\/a><a href=\"https:\/\/arileht.delfi.ee\/artikkel\/120584601\/ikea-koondab-ule-maailma-tuhatkond-tootajat\/kommentaarid\" class=\"article-body-bottom__comment article-body-bottom__comment--read button button--size-auto\" rel=\"nofollow noopener\" target=\"_blank\"> Loe kommentaare (13)<\/a><\/p>\n","protected":false},"excerpt":{"rendered":"\u201ePeame muutuma kiiremaks, l\u00fchendama otsustusprotsesse ja keskendumagi neile kahele asjale,\u201c \u00fctles Inter IKEA finantsjuht Henrik Elm Reutersile antud&hellip;\n","protected":false},"author":2,"featured_media":181907,"comment_status":"","ping_status":"","sticky":false,"template":"","format":"standard","meta":{"footnotes":"","_share_on_mastodon":"0"},"categories":[80],"tags":[26,27,37,33,35,34,36,31,32,21,11432,28,29,95,19,25,23,24,22,20,30,92,93,94],"class_list":["post-181947","post","type-post","status-publish","format-standard","has-post-thumbnail","category-maailm","tag-breaking-news","tag-breakingnews","tag-ee","tag-eesti","tag-eesti-keel","tag-estonia","tag-estonian","tag-featured-news","tag-featurednews","tag-headlines","tag-ikea","tag-latest-news","tag-latestnews","tag-maailm","tag-news","tag-populaarseimad-lood","tag-top-stories","tag-topstories","tag-uldised-uudised","tag-uudised","tag-viimased-uudised","tag-world","tag-world-news","tag-worldnews"],"share_on_mastodon":{"url":"https:\/\/pubeurope.com\/@ee\/116601567544000989","error":""},"_links":{"self":[{"href":"https:\/\/www.europesays.com\/ee\/wp-json\/wp\/v2\/posts\/181947","targetHints":{"allow":["GET"]}}],"collection":[{"href":"https:\/\/www.europesays.com\/ee\/wp-json\/wp\/v2\/posts"}],"about":[{"href":"https:\/\/www.europesays.com\/ee\/wp-json\/wp\/v2\/types\/post"}],"author":[{"embeddable":true,"href":"https:\/\/www.europesays.com\/ee\/wp-json\/wp\/v2\/users\/2"}],"replies":[{"embeddable":true,"href":"https:\/\/www.europesays.com\/ee\/wp-json\/wp\/v2\/comments?post=181947"}],"version-history":[{"count":0,"href":"https:\/\/www.europesays.com\/ee\/wp-json\/wp\/v2\/posts\/181947\/revisions"}],"wp:featuredmedia":[{"embeddable":true,"href":"https:\/\/www.europesays.com\/ee\/wp-json\/wp\/v2\/media\/181907"}],"wp:attachment":[{"href":"https:\/\/www.europesays.com\/ee\/wp-json\/wp\/v2\/media?parent=181947"}],"wp:term":[{"taxonomy":"category","embeddable":true,"href":"https:\/\/www.europesays.com\/ee\/wp-json\/wp\/v2\/categories?post=181947"},{"taxonomy":"post_tag","embeddable":true,"href":"https:\/\/www.europesays.com\/ee\/wp-json\/wp\/v2\/tags?post=181947"}],"curies":[{"name":"wp","href":"https:\/\/api.w.org\/{rel}","templated":true}]}}