{"id":181958,"date":"2026-05-19T14:11:20","date_gmt":"2026-05-19T14:11:20","guid":{"rendered":"https:\/\/www.europesays.com\/ee\/181958\/"},"modified":"2026-05-19T14:11:20","modified_gmt":"2026-05-19T14:11:20","slug":"ikea-koondab-kogu-maailmas-sadu-tootajaid-3","status":"publish","type":"post","link":"https:\/\/www.europesays.com\/ee\/181958\/","title":{"rendered":"IKEA koondab kogu maailmas sadu t\u00f6\u00f6tajaid"},"content":{"rendered":"<p>Ettev\u00f5tte finantsjuht Henrik Elm \u00fctles, et IKEA peab muutuma kiiremaks ja paindlikumaks. Tema s\u00f5nul tuleb otsuseid teha senisest tempokamalt ning keskenduda k\u00f5ige t\u00e4htsamatele eesm\u00e4rkidele.<\/p>\n<p>Elmi s\u00f5nul on inimeste rahaline kindlustunne olnud juba m\u00f5nda aega n\u00f5rk, kuid Iraani s\u00f5da on olukorra veelgi keerulisemaks muutnud. \u00abPaljude inimeste v\u00f5imalused raha kulutada v\u00e4henevad, eriti nendel, kelleni me tahame j\u00f5uda,\u00bb \u00fctles ta.<\/p>\n<p>Tema s\u00f5nul soovib IKEA hoida hinnad klientidele v\u00f5imalikult madalad, kuid selleks peab ettev\u00f5te ka enda kulusid k\u00e4rpima. \u00abTahame, et inimesed saaksid meie tooteid endale lubada, aga seda on raske teha, kui ettev\u00f5tte kulud on liiga suured,\u00bb m\u00e4rkis Elm.<\/p>\n<p>Nii Inter IKEA kui ka selle suurim frantsiisipartner Ingka Group, kellele kuulub maailmas enamik IKEA kauplusi, said eelmise aasta l\u00f5pul uue tegevjuhi. Sellele eelnes IKEA teine j\u00e4rjestikune aasta, mil m\u00fc\u00fcgitulemused langesid.<\/p>\n<p>Ka Ingka Group teatas m\u00e4rtsis plaanist v\u00e4hendada kontorit\u00f6\u00f6tajate arvu 800 inimese v\u00f5rra.<\/p>\n<p><img decoding=\"async\" class=\"figure__image\" onclick=\"triggerEvent('articleImageClick', { id: 17647900, focus: 'single-image', focusIndex: '17647900' })\" onkeydown=\"if (event.key === 'Enter') {&#10;        triggerEvent('articleImageClick', { id: 17647900, focus: 'single-image', focusIndex: '17647900' })&#10;        }\" role=\"button\" tabindex=\"0\" data-focus-from=\"single-image\" data-focus-index=\"17647900\" src=\"https:\/\/www.europesays.com\/ee\/wp-content\/uploads\/2026\/05\/17647900t1hb008.jpg\"  onload=\"this.parentElement.classList.remove('figure__image-loading')\" alt=\"IKEA Baltikumi turu juht Inga Filipova.\"\/>IKEA Baltikumi turu juht Inga Filipova. Foto: Ikea<\/p>\n<p>IKEA Baltikumi turu juht Inga Filipova s\u00f5nas, et Inter IKEA Groupi v\u00e4lja kuulutatud muudatused ei m\u00f5juta otseselt IKEA Baltikumi jaem\u00fc\u00fcgiorganisatsioone Eestis, L\u00e4tis ega Leedus.<\/p>\n<p>\u00abInter IKEA Group astub samme, et tugevdada oma pikaajalist p\u00fchendumust taskukohasusele ja k\u00e4ttesaadavusele. Keskendudes sellele, mis on klientide jaoks k\u00f5ige olulisem \u2013 asjakohane tootevalik, madalad hinnad ja hea kliendikogemus \u2013 lihtsustab organisatsioon oma t\u00f6\u00f6korraldust, j\u00e4tkates samal ajal investeerimist tulevikku.\u00bb<\/p>\n","protected":false},"excerpt":{"rendered":"Ettev\u00f5tte finantsjuht Henrik Elm \u00fctles, et IKEA peab muutuma kiiremaks ja paindlikumaks. Tema s\u00f5nul tuleb otsuseid teha senisest&hellip;\n","protected":false},"author":2,"featured_media":181688,"comment_status":"","ping_status":"","sticky":false,"template":"","format":"standard","meta":{"footnotes":"","_share_on_mastodon":"0"},"categories":[14],"tags":[131,130,37,33,35,34,36,80510,11432,80509,80508,30854,45486],"class_list":["post-181958","post","type-post","status-publish","format-standard","has-post-thumbnail","category-ari","tag-ari","tag-business","tag-ee","tag-eesti","tag-eesti-keel","tag-estonia","tag-estonian","tag-henrik-elm","tag-ikea","tag-ingka-group","tag-inter-ikea-group","tag-kulude-kokkuhoid","tag-tootajate-koondamine"],"share_on_mastodon":{"url":"https:\/\/pubeurope.com\/@ee\/116601650486093772","error":""},"_links":{"self":[{"href":"https:\/\/www.europesays.com\/ee\/wp-json\/wp\/v2\/posts\/181958","targetHints":{"allow":["GET"]}}],"collection":[{"href":"https:\/\/www.europesays.com\/ee\/wp-json\/wp\/v2\/posts"}],"about":[{"href":"https:\/\/www.europesays.com\/ee\/wp-json\/wp\/v2\/types\/post"}],"author":[{"embeddable":true,"href":"https:\/\/www.europesays.com\/ee\/wp-json\/wp\/v2\/users\/2"}],"replies":[{"embeddable":true,"href":"https:\/\/www.europesays.com\/ee\/wp-json\/wp\/v2\/comments?post=181958"}],"version-history":[{"count":0,"href":"https:\/\/www.europesays.com\/ee\/wp-json\/wp\/v2\/posts\/181958\/revisions"}],"wp:featuredmedia":[{"embeddable":true,"href":"https:\/\/www.europesays.com\/ee\/wp-json\/wp\/v2\/media\/181688"}],"wp:attachment":[{"href":"https:\/\/www.europesays.com\/ee\/wp-json\/wp\/v2\/media?parent=181958"}],"wp:term":[{"taxonomy":"category","embeddable":true,"href":"https:\/\/www.europesays.com\/ee\/wp-json\/wp\/v2\/categories?post=181958"},{"taxonomy":"post_tag","embeddable":true,"href":"https:\/\/www.europesays.com\/ee\/wp-json\/wp\/v2\/tags?post=181958"}],"curies":[{"name":"wp","href":"https:\/\/api.w.org\/{rel}","templated":true}]}}