{"id":181963,"date":"2026-05-19T14:14:09","date_gmt":"2026-05-19T14:14:09","guid":{"rendered":"https:\/\/www.europesays.com\/ee\/181963\/"},"modified":"2026-05-19T14:14:09","modified_gmt":"2026-05-19T14:14:09","slug":"pildid-cannesi-filmifestivalil-esilinastus-eesti-kaastootmisel-valminud-vesna-film","status":"publish","type":"post","link":"https:\/\/www.europesays.com\/ee\/181963\/","title":{"rendered":"Pildid: Cannes&#8217;i filmifestivalil esilinastus Eesti kaastootmisel valminud &#8220;Vesna&#8221; | Film"},"content":{"rendered":"<p>18. mail esilinastus 79. Cannes&#8217;i filmifestivali ametliku programmi Special Screenings sektsioonis Leedu, Prantsusmaa ja Eesti kaastootmisel valminud m\u00e4ngufilm &#8220;Vesna&#8221;. <\/p>\n<p>Linastus toimus t\u00e4issaalile ning filmi juhatas sisse Cannes&#8217;i filmifestivali kunstiline juht Thierry Fr\u00e9maux, kes r\u00f5hutas, et ajal, mil s\u00f5da Ukrainas j\u00e4tkub juba neljandat aastat, on kino roll hoida alles inimeste lood ja kogemused, mida maailm ei tohi unustada.\u00a0<\/p>\n<p>Filmi l\u00f5ppedes t\u00e4nas publik re\u017eiss\u00f6\u00f6ri ja meeskonda p\u00fcsti seistes ligi k\u00fcmneminutilise aplausiga. Re\u017eiss\u00f6\u00f6r Rostislav Kirpi\u010denko t\u00e4nas emotsionaalses s\u00f5nav\u00f5tus publikut sooja vastuv\u00f5tu eest ning r\u00f5hutas kogu rahvusvahelise meeskonna panust filmi valmimisel.<\/p>\n<p>Linastusel viibis ka rahvusvaheliselt tuntud Ukraina filmire\u017eiss\u00f6\u00f6r, kirjanik, aktivist ja Ukraina relvaj\u00f5ududes teeniv Oleh Sentsov.<\/p>\n<p>&#8220;Vesna&#8221; re\u017eiss\u00f6\u00f6r ja stsenarist on Rostislav Kirpi\u010denko, kes s\u00fcndis Leedus, kasvas \u00fcles Ukrainas ning elab praegu Prantsusmaal. Tegemist on tema esimese t\u00e4ispika m\u00e4ngufilmiga.<\/p>\n<p>Film r\u00e4\u00e4gib inimlikkusest ja v\u00e4\u00e4rikusest s\u00f5ja tingimustes. Okupeeritud Ukrainas tegutsev noor preester riskib oma eluga, et tagada hukkunutele v\u00e4\u00e4rikas \u00e4rasaatmine ajal, mil isegi lein ja matmine on muutunud kontrolli ja v\u00e4givalla osaks.<\/p>\n<p>Filmi Eesti-poolne kaasprodutsent on Vitali Sheremetiev tootmisfirmast ESSE House. Eesti poolt on ka filmi muusika, mille autor on Sten Sheripov, ning visuaalefektide eest hoolitses Heiki Luts (Frost FX). Filmi k\u00f5rvalosas m\u00e4ngib ka Ukraina s\u00f5jap\u00f5genikuna Eestis viibiv lapsn\u00e4itleja Vadym Kochetov.<\/p>\n<p>&#8220;Vesna&#8221; on valminud Leedu, Prantsusmaa ja Eesti koost\u00f6\u00f6s ning selle peatootjad on Film Jam (Leedu), Matka Films (Prantsusmaa) ja Esse House (Eesti). Produtsendid on Stasys Baltakis (Film Jam) ja Helena Pokorny (Matka Films) ning kaasprodutsendid Vitali Sheremetiev, Oleksii Zhonik, Mariana Novikova ja Katerina Skrynska (Esse House), Marianne Lenoir ja \u00c9ric Lenoir (La Femme qui Aimait les Films, Prantsusmaa) ning Jonathan Lester ja Damien Favreau (Lester Film, Prantsusmaa).<\/p>\n<p>Filmi stsenarist ja re\u017eiss\u00f6\u00f6r on Rostislav Kirpi\u010denko, operaator Vilius Ma\u010diulskis, kunstnik Iris Morlat, helilooja Sten Sheripov, helire\u017eiss\u00f6\u00f6r Marius Bla\u017eys, monteerija Marie Vettese.<\/p>\n<p>Filmi peaosades on K\u0119stutis Cic\u0117nas, Valentin Novopolskij, Anastasiia Pustovit, Bartas \u017ddanovi\u010dius, Martynas Kukta, \u0160ar\u016bnas Datenis, Daumantas Ciunis, Via\u010deslav Lukjanov ja Jevgenija Gladij.<\/p>\n<p>&#8220;Vesna&#8221; osales 2025. aastal P\u00d6FFi ajal toimunud Baltic Eventi kaastootmisturul.<\/p>\n<p>Filmi tootmist toetasid Leedu filmikeskus, Eesti Filmi Instituut, Centre National du Cin\u00e9ma (CNC), R\u00e9gion Nouvelle-Aquitaine ja Leedu rahvusringh\u00e4\u00e4ling.<\/p>\n<p>&#8220;Vesna&#8221; j\u00f5uab Eesti kinodesse 2026. aasta l\u00f5pus.<\/p>\n","protected":false},"excerpt":{"rendered":"18. mail esilinastus 79. Cannes&#8217;i filmifestivali ametliku programmi Special Screenings sektsioonis Leedu, Prantsusmaa ja Eesti kaastootmisel valminud m\u00e4ngufilm&hellip;\n","protected":false},"author":2,"featured_media":181964,"comment_status":"","ping_status":"","sticky":false,"template":"","format":"standard","meta":{"footnotes":"","_share_on_mastodon":"0"},"categories":[5],"tags":[26,27,11814,19242,37,33,35,34,36,31,32,21,28,29,19,25,23,24,22,20,76507,30],"class_list":["post-181963","post","type-post","status-publish","format-standard","has-post-thumbnail","category-uldised-uudised","tag-breaking-news","tag-breakingnews","tag-cannes","tag-cannesi-filmifestival","tag-ee","tag-eesti","tag-eesti-keel","tag-estonia","tag-estonian","tag-featured-news","tag-featurednews","tag-headlines","tag-latest-news","tag-latestnews","tag-news","tag-populaarseimad-lood","tag-top-stories","tag-topstories","tag-uldised-uudised","tag-uudised","tag-vesna","tag-viimased-uudised"],"share_on_mastodon":{"url":"https:\/\/pubeurope.com\/@ee\/116601661929258818","error":""},"_links":{"self":[{"href":"https:\/\/www.europesays.com\/ee\/wp-json\/wp\/v2\/posts\/181963","targetHints":{"allow":["GET"]}}],"collection":[{"href":"https:\/\/www.europesays.com\/ee\/wp-json\/wp\/v2\/posts"}],"about":[{"href":"https:\/\/www.europesays.com\/ee\/wp-json\/wp\/v2\/types\/post"}],"author":[{"embeddable":true,"href":"https:\/\/www.europesays.com\/ee\/wp-json\/wp\/v2\/users\/2"}],"replies":[{"embeddable":true,"href":"https:\/\/www.europesays.com\/ee\/wp-json\/wp\/v2\/comments?post=181963"}],"version-history":[{"count":0,"href":"https:\/\/www.europesays.com\/ee\/wp-json\/wp\/v2\/posts\/181963\/revisions"}],"wp:featuredmedia":[{"embeddable":true,"href":"https:\/\/www.europesays.com\/ee\/wp-json\/wp\/v2\/media\/181964"}],"wp:attachment":[{"href":"https:\/\/www.europesays.com\/ee\/wp-json\/wp\/v2\/media?parent=181963"}],"wp:term":[{"taxonomy":"category","embeddable":true,"href":"https:\/\/www.europesays.com\/ee\/wp-json\/wp\/v2\/categories?post=181963"},{"taxonomy":"post_tag","embeddable":true,"href":"https:\/\/www.europesays.com\/ee\/wp-json\/wp\/v2\/tags?post=181963"}],"curies":[{"name":"wp","href":"https:\/\/api.w.org\/{rel}","templated":true}]}}