{"id":181979,"date":"2026-05-19T14:32:39","date_gmt":"2026-05-19T14:32:39","guid":{"rendered":"https:\/\/www.europesays.com\/ee\/181979\/"},"modified":"2026-05-19T14:32:39","modified_gmt":"2026-05-19T14:32:39","slug":"kindlasti-uks-voib-olla-kaks-lamine-yamali-mm-start-valmistab-hispaaniale-suurt-muret-soccernet-ee","status":"publish","type":"post","link":"https:\/\/www.europesays.com\/ee\/181979\/","title":{"rendered":"Kindlasti \u00fcks, v\u00f5ib-olla kaks: Lamine Yamali MM-start valmistab Hispaaniale suurt muret &#8211; Soccernet.ee"},"content":{"rendered":"<p><img decoding=\"async\" src=\"https:\/\/www.europesays.com\/ee\/wp-content\/uploads\/2026\/05\/1772920973.jpg\" alt=\"Kas Lamine Yamal ikka saab Hispaania koondist MM-il korralikult aidata? Foto: Scanpix \/ Javier Zorrilla \/ EPA\"\/>&#13;\n<\/p>\n<p>Hispaania koondist vaevab v\u00e4hem kui kuu aega enne MM-finaalturniiri algust mure seoses Lamine Yamaliga. Nimelt ei ole hispaanlaste \u00fcks suuremaid t\u00e4hti vigastusest piisavalt kiiresti tervenenud ning t\u00f5en\u00e4oliselt peab ta vahele j\u00e4tma koguni kaks alagrupim\u00e4ngu.<\/p>\n<p>Reielihast vigastanud Yamal k\u00e4is viimati platsil aprilli l\u00f5pus. Kohtumises Celta Vigoga teenis ta penalti, l\u00f5i selle ka ise sisse, ent tegi l\u00f6\u00f6gi ajal jalale liiga ja pidi v\u00e4ljakult lahkuma. Toona avaldasid arstid lootust, et \u00e4\u00e4rer\u00fcndaja saab MM-i ajaks terveks, kuid nii pole l\u00e4inud. The Athletic viitab Yamali taastumisega kursis olevatele allikatele, kelle v\u00e4itel j\u00e4\u00e4b ta 15. juunil Roheneemesaarte vastu peetavast alagrupim\u00e4ngust kindlasti eemale.&#13;\n<\/p>\n<p>Samuti on suure k\u00fcsim\u00e4rgi all Yamali osalemine teises alagrupikohtumises, kus Hispaania l\u00e4heb 21. juunil vastamisi Saudi Araabiaga. Kolmanda alagrupim\u00e4ngu peavad hispaanlased 26. juunil Uruguayga.\u00a0&#13;\n<\/p>\n<p>Barcelona on m\u00e4rkinud, et Yamal tegutseb &#8220;konservatiivse raviplaani&#8221; alusel. Hispaania alaliidu (RFEF) allikad kinnitasid The Athleticule, et klubi ja koondise esindajad suhtlevad omavahel pidevalt ning alaliidu arstid on k\u00e4inud j\u00e4rjepidevalt Barcelonas, et Yamali tervenemisel silma peal hoida.<\/p>\n<blockquote class=\"twitter-tweet\"><p>&#13;<\/p>\n<p lang=\"en\" dir=\"ltr\">Lamine Yamal is expected to miss the start of Spain\u2019s World Cup campaign as he continues his recovery from a hamstring injury.<\/p>\n<p>Yamal is set to be sidelined for Spain\u2019s World Cup group stage opener against Cape Verde on June 15, and at this stage is a major doubt for their second\u2026 <a href=\"https:\/\/t.co\/UcOSg3OtXK\" rel=\"nofollow\">pic.twitter.com\/UcOSg3OtXK<\/a>&#13;<br \/>\n\u2014 The Athletic | Football (@TheAthleticFC) <a href=\"https:\/\/twitter.com\/TheAthleticFC\/status\/2056348103880405004?ref_src=twsrc%5Etfw\" rel=\"nofollow noopener\" target=\"_blank\">May 18, 2026<\/a><\/p>\n<\/blockquote>\n<p>Mullu Ballon d&#8217;Ori auhinna jagamisel teise koha saanud Yamal sai kolmandal t\u00e4ispikal Barcelona eest m\u00e4ngitud hooajal kirja 45 kohtumist, l\u00f5i 24 v\u00e4ravat ja andis 16 v\u00e4ravas\u00f6\u00f6tu. Seejuures vaevas teda hooaja esimeses pooles vaagnaprobleem, millest r\u00fcndaja on n\u00fc\u00fcdseks paranenud.<\/p>\n<p>Hispaania eest on Yamal praeguseks pidanud 25 kohtumist ja l\u00f6\u00f6nud kuus v\u00e4ravat. Deb\u00fc\u00fcdi tegi ta A-koondises juba 16-aastasena ning kerkis 2024. aastal peetud EM-finaalturniiril v\u00f5tmerolli. Yamal sai Saksamaal peetud ja Hispaania v\u00f5iduga l\u00f5ppenud turniiril kirja \u00fche v\u00e4rava ja neli v\u00e4ravas\u00f6\u00f6tu ning valiti ka turniiri parimaks noorm\u00e4ngijaks.&#13;\n<\/p>\n<p>Hispaania peatreener Luis de la Fuente on k\u00fcll kinnitanud, et MM-ile s\u00f5itev koosseis on tema peas enam-v\u00e4hem paigas, kuid ametlikult avaldatakse 26-liikmeline nimekiri j\u00e4rgmisel esmasp\u00e4eval ehk 25. mail. MM-i eel peab Hispaania veel kaks maav\u00f5istlust, v\u00f5\u00f5rustades 4. juunil Corunas Iraaki ning reisides seej\u00e4rel Mehhikosse, kus minnakse 8. juunil vastamisi Peruuga.&#13;\n<\/p>\n<p>Vana t\u00fcli&#13;\n<\/p>\n<p>Yamali tervis on varem tekitanud Hispaania koondise ja Barcelona klubi vahel pingeid. Septembris lausus Barcelona peatreener Hansi Flick, et koondis peaks oma m\u00e4ngijate eest paremini hoolitsema, sest Yamal oli koondisem\u00e4ngudes tegutsenud valuvaigistite toel. Klubi juurde naasis ta kubemelihase vigastusega ning pidi seet\u00f5ttu neli m\u00e4ngu vahele j\u00e4tma. &#8220;Noorte m\u00e4ngijate tervist tuleks hoolikamalt j\u00e4lgida. Mul on v\u00e4ga kahju, et nii l\u00e4ks,&#8221; torkas Flick toona.<\/p>\n<p>Oktoobris toonitas Flick, et ei kahetse lendu lastud kriitikanooli, m\u00e4rkides, et tema kohus on oma m\u00e4ngijat kaitsta. Pisut hiljem teatas Barcelona, et kubemelihase trauma l\u00f5i uuesti v\u00e4lja ning Yamal peab kolm n\u00e4dalat v\u00e4ljakutelt eemal olema. Vaid paar tundi varem oli Hispaania koondis avalikustanud koondisem\u00e4ngudeks nimekirja, kuhu kuulus ka Yamal.&#13;\n<\/p>\n<p>Seepeale pidi koondise juhendaja De la Fuente oma arste kaitsma. &#8220;Me ei v\u00f5ta mitte mingeid riske. Kes tuleb koondisesse tervena, see m\u00e4ngib. Ja kui nad tagasi klubi juurde l\u00e4hevad, on p\u00f5hjus selles, et hindasime koondise eest m\u00e4ngimise riski liiga k\u00f5rgeks,&#8221; toonitas Hispaania peatreener s\u00fcgisel.&#13;\n<\/p>\n<p>          <script async src=\"https:\/\/platform.twitter.com\/widgets.js\" charset=\"utf-8\"><\/script><\/p>\n","protected":false},"excerpt":{"rendered":"&#13; Hispaania koondist vaevab v\u00e4hem kui kuu aega enne MM-finaalturniiri algust mure seoses Lamine Yamaliga. Nimelt ei ole&hellip;\n","protected":false},"author":2,"featured_media":181980,"comment_status":"","ping_status":"","sticky":false,"template":"","format":"standard","meta":{"footnotes":"","_share_on_mastodon":"0"},"categories":[18],"tags":[1741,7627,37,33,35,34,36,7628,110,2458,6890,159,158,7631],"class_list":["post-181979","post","type-post","status-publish","format-standard","has-post-thumbnail","category-sport","tag-barcelona","tag-de-la-fuente","tag-ee","tag-eesti","tag-eesti-keel","tag-estonia","tag-estonian","tag-flick","tag-hispaania","tag-lamine-yamal","tag-mm2026","tag-sport","tag-sports","tag-yamal"],"share_on_mastodon":{"url":"https:\/\/pubeurope.com\/@ee\/116601732649615897","error":""},"_links":{"self":[{"href":"https:\/\/www.europesays.com\/ee\/wp-json\/wp\/v2\/posts\/181979","targetHints":{"allow":["GET"]}}],"collection":[{"href":"https:\/\/www.europesays.com\/ee\/wp-json\/wp\/v2\/posts"}],"about":[{"href":"https:\/\/www.europesays.com\/ee\/wp-json\/wp\/v2\/types\/post"}],"author":[{"embeddable":true,"href":"https:\/\/www.europesays.com\/ee\/wp-json\/wp\/v2\/users\/2"}],"replies":[{"embeddable":true,"href":"https:\/\/www.europesays.com\/ee\/wp-json\/wp\/v2\/comments?post=181979"}],"version-history":[{"count":0,"href":"https:\/\/www.europesays.com\/ee\/wp-json\/wp\/v2\/posts\/181979\/revisions"}],"wp:featuredmedia":[{"embeddable":true,"href":"https:\/\/www.europesays.com\/ee\/wp-json\/wp\/v2\/media\/181980"}],"wp:attachment":[{"href":"https:\/\/www.europesays.com\/ee\/wp-json\/wp\/v2\/media?parent=181979"}],"wp:term":[{"taxonomy":"category","embeddable":true,"href":"https:\/\/www.europesays.com\/ee\/wp-json\/wp\/v2\/categories?post=181979"},{"taxonomy":"post_tag","embeddable":true,"href":"https:\/\/www.europesays.com\/ee\/wp-json\/wp\/v2\/tags?post=181979"}],"curies":[{"name":"wp","href":"https:\/\/api.w.org\/{rel}","templated":true}]}}