{"id":181990,"date":"2026-05-19T14:45:08","date_gmt":"2026-05-19T14:45:08","guid":{"rendered":"https:\/\/www.europesays.com\/ee\/181990\/"},"modified":"2026-05-19T14:45:08","modified_gmt":"2026-05-19T14:45:08","slug":"pinged-teravnevad-kuuba-president-usa-runnak-vallandaks-veresauna","status":"publish","type":"post","link":"https:\/\/www.europesays.com\/ee\/181990\/","title":{"rendered":"Pinged teravnevad. Kuuba president: USA r\u00fcnnak vallandaks veresauna"},"content":{"rendered":"<p>USA ja Kuuba vahelised pinged teravnesid, kui v\u00e4ljaandele Axios j\u00f5udis info, mille kohaselt on Kuuba hankinud \u00fcle 300 (arvatavasti Iraani p\u00e4ritolu) r\u00fcndedrooni ning kaalub USA sihtm\u00e4rkide r\u00fcndamist.<\/p>\n<p>Kuigi raportisse on suhtutud suure skepsisega, ilmub see ajal, kui president <a rel=\"noopener nofollow\" target=\"_blank\" href=\"https:\/\/www.delfi.ee\/teema\/32758637\/donald-trump\" tag-id=\"32758637\">Donald Trumpi<\/a> administratsioon on juba kuid andnud m\u00f5ista, et USA v\u00f5ib Kuuba valitsuse s\u00f5jalise j\u00f5uga kukutada. Nende kahe maa suhted on viimaste k\u00fcmnendite halvimas seisus. <\/p>\n","protected":false},"excerpt":{"rendered":"USA ja Kuuba vahelised pinged teravnesid, kui v\u00e4ljaandele Axios j\u00f5udis info, mille kohaselt on Kuuba hankinud \u00fcle 300&hellip;\n","protected":false},"author":2,"featured_media":181991,"comment_status":"","ping_status":"","sticky":false,"template":"","format":"standard","meta":{"footnotes":"","_share_on_mastodon":"0"},"categories":[80],"tags":[26,27,324,37,33,35,34,36,31,32,21,3345,28,29,95,8424,19,25,23,24,22,325,15128,20,30,92,93,94],"class_list":["post-181990","post","type-post","status-publish","format-standard","has-post-thumbnail","category-maailm","tag-breaking-news","tag-breakingnews","tag-donald-trump","tag-ee","tag-eesti","tag-eesti-keel","tag-estonia","tag-estonian","tag-featured-news","tag-featurednews","tag-headlines","tag-kuuba","tag-latest-news","tag-latestnews","tag-maailm","tag-miguel-diaz-canel","tag-news","tag-populaarseimad-lood","tag-top-stories","tag-topstories","tag-uldised-uudised","tag-usa","tag-usa-sanktsioonid","tag-uudised","tag-viimased-uudised","tag-world","tag-world-news","tag-worldnews"],"share_on_mastodon":{"url":"https:\/\/pubeurope.com\/@ee\/116601784041569588","error":""},"_links":{"self":[{"href":"https:\/\/www.europesays.com\/ee\/wp-json\/wp\/v2\/posts\/181990","targetHints":{"allow":["GET"]}}],"collection":[{"href":"https:\/\/www.europesays.com\/ee\/wp-json\/wp\/v2\/posts"}],"about":[{"href":"https:\/\/www.europesays.com\/ee\/wp-json\/wp\/v2\/types\/post"}],"author":[{"embeddable":true,"href":"https:\/\/www.europesays.com\/ee\/wp-json\/wp\/v2\/users\/2"}],"replies":[{"embeddable":true,"href":"https:\/\/www.europesays.com\/ee\/wp-json\/wp\/v2\/comments?post=181990"}],"version-history":[{"count":0,"href":"https:\/\/www.europesays.com\/ee\/wp-json\/wp\/v2\/posts\/181990\/revisions"}],"wp:featuredmedia":[{"embeddable":true,"href":"https:\/\/www.europesays.com\/ee\/wp-json\/wp\/v2\/media\/181991"}],"wp:attachment":[{"href":"https:\/\/www.europesays.com\/ee\/wp-json\/wp\/v2\/media?parent=181990"}],"wp:term":[{"taxonomy":"category","embeddable":true,"href":"https:\/\/www.europesays.com\/ee\/wp-json\/wp\/v2\/categories?post=181990"},{"taxonomy":"post_tag","embeddable":true,"href":"https:\/\/www.europesays.com\/ee\/wp-json\/wp\/v2\/tags?post=181990"}],"curies":[{"name":"wp","href":"https:\/\/api.w.org\/{rel}","templated":true}]}}