{"id":182064,"date":"2026-05-19T16:44:12","date_gmt":"2026-05-19T16:44:12","guid":{"rendered":"https:\/\/www.europesays.com\/ee\/182064\/"},"modified":"2026-05-19T16:44:12","modified_gmt":"2026-05-19T16:44:12","slug":"dana-white-kardab-valges-majas-peetava-ufc-voitlusohtu-parast-putukad-voivad-sportlastele-probleeme-tekitada","status":"publish","type":"post","link":"https:\/\/www.europesays.com\/ee\/182064\/","title":{"rendered":"Dana White kardab Valges Majas peetava UFC v\u00f5itlus\u00f5htu p\u00e4rast: putukad v\u00f5ivad sportlastele probleeme tekitada"},"content":{"rendered":"<p>UFC boss Dana White avaldas aga n\u00fc\u00fcd Boardroomile antud intervjuus, et v\u00f5itlus\u00f5htu eel tuleb midagi ette v\u00f5tta Valge Maja \u00fcmbruses lendavate putukatega.<\/p>\n<p>White ja USA president Donald Trump on olnud pikaaegsed liitlased ning nii j\u00f5uti ka nimetatud v\u00f5itlus\u00f5htuni. Hiljuti k\u00fclastas White Valget Maja ning sealses roosiaias k\u00e4imise j\u00e4rel sai ta 14. juuniks k\u00f5vasti m\u00f5tteainet.<\/p>\n<p>\u201ePresident Trump avas kaks p\u00e4eva tagas roosiaia ning kutsus ka mind \u00f5htus\u00f6\u00f6gile. Seal ringi lennanud s\u00e4\u00e4skede ja putukate hulk oli&#8230; See oli ikka uskumatu,\u201c s\u00f5nas White. \u201eLennukile astudes helistasin kohe meie peaprodutsendile ning r\u00e4\u00e4kisin talle olukorrast seoses putukatega.\u201c<\/p>\n<p>White kardab, et suur s\u00e4\u00e4skede ja \u00fcldine putukate hulk tekitab probleeme pealtvaatajatele, kuid eelk\u00f5ige sportlastele. \u201eKui sa oled v\u00f5itleja ja sinu peale on suunatud suur hulk pro\u017eektoreid, siis see t\u00f5mbab sinu peale ka suure koguse putukaid. Need on detailid, mille peale peame m\u00f5tlema. Seet\u00f5ttu ei meeldi mulle ka vabas \u00f5hus v\u00f5itlus\u00f5htuid korraldada. Mitte kunagi,\u201c teatas White.<\/p>\n<p>Freedom 250 peamat\u0161is tulevad ringi kergekaalu tiitli nimel heitlevad grusiin Ilia Topuria ning ameeriklane Justin Gaethje. Meistriv\u00f6\u00f6 omanikuks on Hispaaniat esindav Topuria.<\/p>\n<p>Meistriv\u00f6\u00f6 on m\u00e4ngus ka \u00f5htu t\u00e4htsuselt teises duellis, kus raskekaalu vahetiitli nimel hakkavad v\u00f5itlema brasiillane Alex Pereira ning prantslane Ciryl Gane.<\/p>\n<p>Kuidas see lugu Sind end tundma pani? Saada <a href=\"https:\/\/sport.delfi.ee\/artikkel\/120584970\/dana-white-kardab-valges-majas-peetava-ufc-voitlusohtu-parast-putukad-voivad-sportlastele-probleeme-tekitada\/kommentaarid\" class=\"article-body-bottom__comment article-body-bottom__comment--write button button--primary button--size-auto\" rel=\"nofollow noopener\" target=\"_blank\"> Kommenteeri <\/a><a href=\"https:\/\/sport.delfi.ee\/artikkel\/120584970\/dana-white-kardab-valges-majas-peetava-ufc-voitlusohtu-parast-putukad-voivad-sportlastele-probleeme-tekitada\/kommentaarid\" class=\"article-body-bottom__comment article-body-bottom__comment--read button button--size-auto\" rel=\"nofollow noopener\" target=\"_blank\"> Loe kommentaare (3)<\/a><\/p>\n","protected":false},"excerpt":{"rendered":"UFC boss Dana White avaldas aga n\u00fc\u00fcd Boardroomile antud intervjuus, et v\u00f5itlus\u00f5htu eel tuleb midagi ette v\u00f5tta Valge&hellip;\n","protected":false},"author":2,"featured_media":182065,"comment_status":"","ping_status":"","sticky":false,"template":"","format":"standard","meta":{"footnotes":"","_share_on_mastodon":"0"},"categories":[18],"tags":[8656,37,33,35,34,36,159,158,8056],"class_list":["post-182064","post","type-post","status-publish","format-standard","has-post-thumbnail","category-sport","tag-dana-white","tag-ee","tag-eesti","tag-eesti-keel","tag-estonia","tag-estonian","tag-sport","tag-sports","tag-ufc"],"share_on_mastodon":{"url":"https:\/\/pubeurope.com\/@ee\/116602251778649131","error":""},"_links":{"self":[{"href":"https:\/\/www.europesays.com\/ee\/wp-json\/wp\/v2\/posts\/182064","targetHints":{"allow":["GET"]}}],"collection":[{"href":"https:\/\/www.europesays.com\/ee\/wp-json\/wp\/v2\/posts"}],"about":[{"href":"https:\/\/www.europesays.com\/ee\/wp-json\/wp\/v2\/types\/post"}],"author":[{"embeddable":true,"href":"https:\/\/www.europesays.com\/ee\/wp-json\/wp\/v2\/users\/2"}],"replies":[{"embeddable":true,"href":"https:\/\/www.europesays.com\/ee\/wp-json\/wp\/v2\/comments?post=182064"}],"version-history":[{"count":0,"href":"https:\/\/www.europesays.com\/ee\/wp-json\/wp\/v2\/posts\/182064\/revisions"}],"wp:featuredmedia":[{"embeddable":true,"href":"https:\/\/www.europesays.com\/ee\/wp-json\/wp\/v2\/media\/182065"}],"wp:attachment":[{"href":"https:\/\/www.europesays.com\/ee\/wp-json\/wp\/v2\/media?parent=182064"}],"wp:term":[{"taxonomy":"category","embeddable":true,"href":"https:\/\/www.europesays.com\/ee\/wp-json\/wp\/v2\/categories?post=182064"},{"taxonomy":"post_tag","embeddable":true,"href":"https:\/\/www.europesays.com\/ee\/wp-json\/wp\/v2\/tags?post=182064"}],"curies":[{"name":"wp","href":"https:\/\/api.w.org\/{rel}","templated":true}]}}