{"id":182124,"date":"2026-05-19T18:12:14","date_gmt":"2026-05-19T18:12:14","guid":{"rendered":"https:\/\/www.europesays.com\/ee\/182124\/"},"modified":"2026-05-19T18:12:14","modified_gmt":"2026-05-19T18:12:14","slug":"schjonning-larsen-vasitavast-perioodist-loodan-et-ei-pea-enam-kunagi-sellist-asja-labi-tegema-soccernet-ee","status":"publish","type":"post","link":"https:\/\/www.europesays.com\/ee\/182124\/","title":{"rendered":"Schj\u00f6nning-Larsen v\u00e4sitavast perioodist: loodan, et ei pea enam kunagi sellist asja l\u00e4bi tegema &#8211; Soccernet.ee"},"content":{"rendered":"<p><img decoding=\"async\" src=\"https:\/\/www.europesays.com\/ee\/wp-content\/uploads\/2026\/05\/1779214334_313_1777736339.jpg\" alt=\"Michael Schj\u00f6nning-Larsen aitas Kilmarnockil \u0160otimaa k\u00f5rgliigasse p\u00fcsima j\u00e4\u00e4da. Foto: Scanpix \/ Action Plus Sports Images \/ Alamy\"\/>&#13;\n<\/p>\n<p>\u0160otimaa k\u00f5rgliigaklubi Kilmarnocki ja Eesti koondise vasakkaitsja Michael Schj\u00f6nning-Larsen (25) vajab enda s\u00f5nul eesolevat puhkust ning loodab, et ei pea enam kunagi l\u00e4bi elama nii koormavat perioodi, nagu olid viimased poolteist aastat.<\/p>\n<p>&#8220;Kergendus on suur, seda nii p\u00fcsimaj\u00e4\u00e4mise kui ka selle p\u00e4rast, et olen poolteist aastat jutti keha piinanud. Vajan puhkust,&#8221; r\u00e4\u00e4kis Schj\u00f6nning-Larsen <a href=\"https:\/\/sport.postimees.ee\/8473358\/sotimaal-ukse-pauguga-avanud-eesti-koondise-votmemangijal-on-kodumaa-tippklubidele-kaks-soovitust\" target=\"_blank\" rel=\"nofollow noopener\">Postimehele<\/a>.&#13;\n<\/p>\n<p>&#8220;Lugesin kokku, et m\u00e4ngisin pooleteise aastaga pikema puhkuseta 65 m\u00e4ngu. P\u00e4rast novembri koondiseakent v\u00f5tsin spordist k\u00fcmneks p\u00e4evaks pausi, ent sellest polnud tolku, sest s\u00e4\u00e4red ja tagareied olid kohe esimesest trennist alates t\u00e4iesti pinges ja nii hooaja l\u00f5puni. Loodan, et ei pea enam kunagi sellist asja l\u00e4bi tegema.&#8221;&#13;\n<\/p>\n<p>Schj\u00f6nning-Larsen oli hooajal 2025 Tallinna Levadia kindel p\u00f5himees &#8211; m\u00e4nguminutite arvult oli ta Levadia kolmas pallur. Lisaks oli ta ainuke m\u00e4ngija, kes k\u00e4is v\u00e4ljakul k\u00f5igis k\u00fcmnes Eesti koondise 2025. aasta maav\u00f5istluses. Seej\u00e4rel siirdus Schj\u00f6nning-Larsen \u0160otimaale, kus hooaeg oli poole peal. Kilmarnocki j\u00e4relej\u00e4\u00e4nud 18 liigam\u00e4ngust 16-s kuulus ta p\u00f5hikoosseisu ja vaid kahes sekkus vahetusest. Kilmarnock sai hooaja l\u00f5puks k\u00fcmnenda koha, mis t\u00e4hendas otse p\u00fcsimaj\u00e4\u00e4mist.<\/p>\n<p><a href=\"https:\/\/sport.postimees.ee\/8473358\/sotimaal-ukse-pauguga-avanud-eesti-koondise-votmemangijal-on-kodumaa-tippklubidele-kaks-soovitust\" target=\"_blank\" rel=\"nofollow noopener\">T\u00e4ispikka refereeritud Postimehe artiklit saab lugeda siit.<\/a>                         <\/p>\n","protected":false},"excerpt":{"rendered":"&#13; \u0160otimaa k\u00f5rgliigaklubi Kilmarnocki ja Eesti koondise vasakkaitsja Michael Schj\u00f6nning-Larsen (25) vajab enda s\u00f5nul eesolevat puhkust ning loodab,&hellip;\n","protected":false},"author":2,"featured_media":182125,"comment_status":"","ping_status":"","sticky":false,"template":"","format":"standard","meta":{"footnotes":"","_share_on_mastodon":"0"},"categories":[18],"tags":[37,33,35,34,36,33743,19357,22995,38070,159,158],"class_list":["post-182124","post","type-post","status-publish","format-standard","has-post-thumbnail","category-sport","tag-ee","tag-eesti","tag-eesti-keel","tag-estonia","tag-estonian","tag-kilmarnock","tag-michael-schjonning-larse","tag-schjonning-larsen","tag-sotimaa-korgliiga","tag-sport","tag-sports"],"share_on_mastodon":{"url":"https:\/\/pubeurope.com\/@ee\/116602598110419822","error":""},"_links":{"self":[{"href":"https:\/\/www.europesays.com\/ee\/wp-json\/wp\/v2\/posts\/182124","targetHints":{"allow":["GET"]}}],"collection":[{"href":"https:\/\/www.europesays.com\/ee\/wp-json\/wp\/v2\/posts"}],"about":[{"href":"https:\/\/www.europesays.com\/ee\/wp-json\/wp\/v2\/types\/post"}],"author":[{"embeddable":true,"href":"https:\/\/www.europesays.com\/ee\/wp-json\/wp\/v2\/users\/2"}],"replies":[{"embeddable":true,"href":"https:\/\/www.europesays.com\/ee\/wp-json\/wp\/v2\/comments?post=182124"}],"version-history":[{"count":0,"href":"https:\/\/www.europesays.com\/ee\/wp-json\/wp\/v2\/posts\/182124\/revisions"}],"wp:featuredmedia":[{"embeddable":true,"href":"https:\/\/www.europesays.com\/ee\/wp-json\/wp\/v2\/media\/182125"}],"wp:attachment":[{"href":"https:\/\/www.europesays.com\/ee\/wp-json\/wp\/v2\/media?parent=182124"}],"wp:term":[{"taxonomy":"category","embeddable":true,"href":"https:\/\/www.europesays.com\/ee\/wp-json\/wp\/v2\/categories?post=182124"},{"taxonomy":"post_tag","embeddable":true,"href":"https:\/\/www.europesays.com\/ee\/wp-json\/wp\/v2\/tags?post=182124"}],"curies":[{"name":"wp","href":"https:\/\/api.w.org\/{rel}","templated":true}]}}