{"id":182166,"date":"2026-05-19T19:00:11","date_gmt":"2026-05-19T19:00:11","guid":{"rendered":"https:\/\/www.europesays.com\/ee\/182166\/"},"modified":"2026-05-19T19:00:11","modified_gmt":"2026-05-19T19:00:11","slug":"sojapaevik-1546-paev-hiina-opetas-salaja-vene-vagesid-valja-droonioperatsioonide-jaoks","status":"publish","type":"post","link":"https:\/\/www.europesays.com\/ee\/182166\/","title":{"rendered":"S\u00d5JAP\u00c4EVIK (1546. p\u00e4ev) | Hiina \u00f5petas salaja Vene v\u00e4gesid v\u00e4lja droonioperatsioonide jaoks"},"content":{"rendered":"<p><img decoding=\"async\" src=\"https:\/\/www.europesays.com\/ee\/wp-content\/uploads\/2026\/05\/7434d399-3ab6-4a24-9b16-6c68e78a1040.jpg\" loading=\"lazy\" alt=\"HIINA L\u00d6\u00d6B KAASA: Koost\u00f6\u00f6 kinnitati kahekeelses Vene-Hiina lepingus, mille m\u00f5lema riigi k\u00f5rged ohvitserid allkirjastasid Pekingis 2025. aasta juuli alguses. \"\/><\/p>\n<p>HIINA L\u00d6\u00d6B KAASA: Koost\u00f6\u00f6 kinnitati kahekeelses Vene-Hiina lepingus, mille m\u00f5lema riigi k\u00f5rged ohvitserid allkirjastasid Pekingis 2025. aasta juuli alguses. <\/p>\n<p>FOTO: Alexander Polegenko\u041f\u043e\u043b\u0435\u0433\u0435\u043d\u044c\u043a\u043e \u0410\u043b\u0435\u043a\u0441\u0430\u043d\u0434\u0440| ZUMAPRESS.com<\/p>\n<p>Reutersi \u00e4sja avaldatud raportist selgub, et Hiina s\u00f5jav\u00e4gi \u00f5petas eelmise aasta l\u00f5pus salaja oma territooriumil v\u00e4ljas umbes 200 Vene s\u00f5durit, kellest osa naasis hiljem Ukrainasse rindele. <\/p>\n","protected":false},"excerpt":{"rendered":"HIINA L\u00d6\u00d6B KAASA: Koost\u00f6\u00f6 kinnitati kahekeelses Vene-Hiina lepingus, mille m\u00f5lema riigi k\u00f5rged ohvitserid allkirjastasid Pekingis 2025. aasta juuli&hellip;\n","protected":false},"author":2,"featured_media":182167,"comment_status":"","ping_status":"","sticky":false,"template":"","format":"standard","meta":{"footnotes":"","_share_on_mastodon":"0"},"categories":[5],"tags":[26,27,37,33,35,34,36,31,32,21,28,29,23745,19,25,11940,23,24,20961,22,15128,20,30],"class_list":["post-182166","post","type-post","status-publish","format-standard","has-post-thumbnail","category-uldised-uudised","tag-breaking-news","tag-breakingnews","tag-ee","tag-eesti","tag-eesti-keel","tag-estonia","tag-estonian","tag-featured-news","tag-featurednews","tag-headlines","tag-latest-news","tag-latestnews","tag-naftaturg","tag-news","tag-populaarseimad-lood","tag-scott-bessent","tag-top-stories","tag-topstories","tag-trumpi-administratsioon","tag-uldised-uudised","tag-usa-sanktsioonid","tag-uudised","tag-viimased-uudised"],"share_on_mastodon":{"url":"https:\/\/pubeurope.com\/@ee\/116602786903651033","error":""},"_links":{"self":[{"href":"https:\/\/www.europesays.com\/ee\/wp-json\/wp\/v2\/posts\/182166","targetHints":{"allow":["GET"]}}],"collection":[{"href":"https:\/\/www.europesays.com\/ee\/wp-json\/wp\/v2\/posts"}],"about":[{"href":"https:\/\/www.europesays.com\/ee\/wp-json\/wp\/v2\/types\/post"}],"author":[{"embeddable":true,"href":"https:\/\/www.europesays.com\/ee\/wp-json\/wp\/v2\/users\/2"}],"replies":[{"embeddable":true,"href":"https:\/\/www.europesays.com\/ee\/wp-json\/wp\/v2\/comments?post=182166"}],"version-history":[{"count":0,"href":"https:\/\/www.europesays.com\/ee\/wp-json\/wp\/v2\/posts\/182166\/revisions"}],"wp:featuredmedia":[{"embeddable":true,"href":"https:\/\/www.europesays.com\/ee\/wp-json\/wp\/v2\/media\/182167"}],"wp:attachment":[{"href":"https:\/\/www.europesays.com\/ee\/wp-json\/wp\/v2\/media?parent=182166"}],"wp:term":[{"taxonomy":"category","embeddable":true,"href":"https:\/\/www.europesays.com\/ee\/wp-json\/wp\/v2\/categories?post=182166"},{"taxonomy":"post_tag","embeddable":true,"href":"https:\/\/www.europesays.com\/ee\/wp-json\/wp\/v2\/tags?post=182166"}],"curies":[{"name":"wp","href":"https:\/\/api.w.org\/{rel}","templated":true}]}}