{"id":182205,"date":"2026-05-19T20:24:20","date_gmt":"2026-05-19T20:24:20","guid":{"rendered":"https:\/\/www.europesays.com\/ee\/182205\/"},"modified":"2026-05-19T20:24:20","modified_gmt":"2026-05-19T20:24:20","slug":"voimlemisliit-tuhistas-venemaale-ja-valgevenele-kehtestatud-piirangud","status":"publish","type":"post","link":"https:\/\/www.europesays.com\/ee\/182205\/","title":{"rendered":"V\u00f5imlemisliit t\u00fchistas Venemaale ja Valgevenele kehtestatud piirangud"},"content":{"rendered":"<p>Maailma V\u00f5imlemisf\u00f6deratsioon t\u00fchistas esmasp\u00e4eval piirangud, mis kehtestati Venemaa ja Valgevene sportlastele p\u00e4rast 2022. aasta sissetungi Ukrainasse, kirjutab BNS.<\/p>\n<p>Laup\u00e4eval ja p\u00fchap\u00e4eval Egiptuses Sharm el-Sheikhis kogunenud alaliidu t\u00e4itevkomitee teatas l\u00fchikeses pressiteates, et piirangud t\u00fchistatakse viivitamata.<\/p>\n<p>See t\u00e4hendab, et m\u00f5lema riigi v\u00f5imlejad v\u00f5ivad naasta v\u00f5istlustele, kasutades oma lippu ja h\u00fcmni, selmet v\u00f5istelda neutraalsete sportlastena.<\/p>\n<p>Samuti saavad nad v\u00f5istelda meeskondadena, mitte ainult \u00fcksikv\u00f5istlejatena, ning loobutud on tingimustest, et nad ei tohi olla aktiivselt toetanud s\u00f5da Ukrainas ega olla lepingu alusel seotud armee v\u00f5i julgeolekuteenistusega.<\/p>\n<p>F\u00f6deratsioon ei p\u00f5hjendanud oma otsust, mis on vastuolus Rahvusvahelise Ol\u00fcmpiakomitee (ROK) hiljutiste soovitustega. ROK soovitas mai alguses rahvusvahelistel alaliitudel lubada v\u00f5istlema Valgevene, kuid mitte Venemaa sportlasi.<\/p>\n<p>Sellega on Venemaa ja Valgevene v\u00f5imlejatele avatud tee 2028. aasta Los Angelese ol\u00fcmpiam\u00e4ngudele kvalifitseerumiseks.<\/p>\n<p>Ka judos ja ujumises on h\u00e4\u00e4letatud m\u00f5lema riigi sportlaste v\u00f5istlus\u00f5iguse t\u00e4ieliku taastamise poolt, samas kui poks piirdus ROK-i j\u00e4rgimisega, t\u00fchistades piirangud ainult valgevenelastele.<\/p>\n<p>Teised organisatsioonid, nagu Rahvusvaheline Uisuliit ja Rahvusvaheline Kergej\u00f5ustikuliit, hoiavad m\u00f5lemad riigid j\u00e4tkuvalt oma v\u00f5istlustelt t\u00e4ielikult eemal.<\/p>\n","protected":false},"excerpt":{"rendered":"Maailma V\u00f5imlemisf\u00f6deratsioon t\u00fchistas esmasp\u00e4eval piirangud, mis kehtestati Venemaa ja Valgevene sportlastele p\u00e4rast 2022. aasta sissetungi Ukrainasse, kirjutab BNS.&hellip;\n","protected":false},"author":2,"featured_media":182206,"comment_status":"","ping_status":"","sticky":false,"template":"","format":"standard","meta":{"footnotes":"","_share_on_mastodon":"0"},"categories":[18],"tags":[37,33,35,34,36,80579,59,2797,159,158,124,2170,96,80580],"class_list":["post-182205","post","type-post","status-publish","format-standard","has-post-thumbnail","category-sport","tag-ee","tag-eesti","tag-eesti-keel","tag-estonia","tag-estonian","tag-maailma-voimlemisfoderatsioon","tag-piirangud","tag-sanktsioonid","tag-sport","tag-sports","tag-ukraina-soda","tag-valgevene","tag-venemaa","tag-voimlemisliit"],"share_on_mastodon":{"url":"https:\/\/pubeurope.com\/@ee\/116603116690165008","error":""},"_links":{"self":[{"href":"https:\/\/www.europesays.com\/ee\/wp-json\/wp\/v2\/posts\/182205","targetHints":{"allow":["GET"]}}],"collection":[{"href":"https:\/\/www.europesays.com\/ee\/wp-json\/wp\/v2\/posts"}],"about":[{"href":"https:\/\/www.europesays.com\/ee\/wp-json\/wp\/v2\/types\/post"}],"author":[{"embeddable":true,"href":"https:\/\/www.europesays.com\/ee\/wp-json\/wp\/v2\/users\/2"}],"replies":[{"embeddable":true,"href":"https:\/\/www.europesays.com\/ee\/wp-json\/wp\/v2\/comments?post=182205"}],"version-history":[{"count":0,"href":"https:\/\/www.europesays.com\/ee\/wp-json\/wp\/v2\/posts\/182205\/revisions"}],"wp:featuredmedia":[{"embeddable":true,"href":"https:\/\/www.europesays.com\/ee\/wp-json\/wp\/v2\/media\/182206"}],"wp:attachment":[{"href":"https:\/\/www.europesays.com\/ee\/wp-json\/wp\/v2\/media?parent=182205"}],"wp:term":[{"taxonomy":"category","embeddable":true,"href":"https:\/\/www.europesays.com\/ee\/wp-json\/wp\/v2\/categories?post=182205"},{"taxonomy":"post_tag","embeddable":true,"href":"https:\/\/www.europesays.com\/ee\/wp-json\/wp\/v2\/tags?post=182205"}],"curies":[{"name":"wp","href":"https:\/\/api.w.org\/{rel}","templated":true}]}}