{"id":182216,"date":"2026-05-19T20:48:10","date_gmt":"2026-05-19T20:48:10","guid":{"rendered":"https:\/\/www.europesays.com\/ee\/182216\/"},"modified":"2026-05-19T20:48:10","modified_gmt":"2026-05-19T20:48:10","slug":"aue-hiljuti-abu-dhabi-tuumajaama-sihtinud-droonid-tulid-iraagi-territooriumilt","status":"publish","type":"post","link":"https:\/\/www.europesays.com\/ee\/182216\/","title":{"rendered":"A\u00dcE: hiljuti Abu Dhabi tuumajaama sihtinud droonid tulid Iraagi territooriumilt"},"content":{"rendered":"<p>M\u00f6\u00f6dunud n\u00e4dalavahetusel teatati droonil\u00f6\u00f6gist ja tulekahjust Abu Dhabi emiraadis asuva Barakah tuumajaama territooriumil. A\u00dcE ametnike s\u00f5nul tabas r\u00fcnnak rajatise territooriumil asuvat generaatorit, kuid vigastatutest ega radioaktiivsest lekkest ei teatatud.<\/p>\n<p>A\u00dcE kaitseministeerium lisas oma t\u00e4nases teates, et viimase kahe p\u00e4eva jooksul on sihikule v\u00f5etud veel kolm drooni, t\u00e4psustamata nende sihtm\u00e4rke. Tuumaelektrijaama r\u00fcnnaku hukka m\u00f5istnud <a rel=\"noopener nofollow\" target=\"_blank\" href=\"https:\/\/www.delfi.ee\/teema\/22870979\/saudi-araabia\" tag-id=\"22870979\">Saudi Araabia<\/a> teatas hiljem, et pidas kinni kolm Iraagi \u00f5huruumist sisenenud drooni.<\/p>\n<p>Teadaolevalt on Iraani toetatud \u0161iiitide relvar\u00fchmitused korraldanud korduvalt droonir\u00fcnnakuid Araabia lahe riikide vastu p\u00e4rast Iraani s\u00f5ja algust veebruari l\u00f5pus. Hetkel pole keegi v\u00f5tnud vastutust A\u00dcE tuumajaama r\u00fcndamise eest, kuid selles kahtlustatakse Iraani ja tema k\u00e4silasi.<\/p>\n<p>Iraagi valitsuse pressiesindaja teatas A\u00dcE v\u00e4rsket leidu kommenteerimata, et Bagdad m\u00f5istab teravalt hukka hiljutised A\u00dcE-le suunatud droonir\u00fcnnakud. \u201eR\u00f5hutame ka t\u00f5husa piirkondliku ja rahvusvahelise koost\u00f6\u00f6 t\u00e4htsust, et v\u00e4ltida olukorra eskaleerumist, piirkonna stabiilsuse kahjustamist v\u00f5i s\u00f5bralike ja vendriikide julgeoleku ja suver\u00e4\u00e4nsuse ohustamist,\u201c lisati teates.<\/p>\n<p>20 miljardi dollarine Barakah tuumajaam ehitati L\u00f5una-Korea abiga ja v\u00f5eti kasutusele 2020. aastal. See suudab katta veerandi A\u00dcE energiavajadusest.<\/p>\n<p>Kuidas see lugu Sind end tundma pani? Saada <a href=\"https:\/\/www.delfi.ee\/artikkel\/120585001\/aue-hiljuti-abu-dhabi-tuumajaama-sihtinud-droonid-tulid-iraagi-territooriumilt\/kommentaarid\" class=\"article-body-bottom__comment article-body-bottom__comment--write button button--primary button--size-auto\" rel=\"nofollow noopener\" target=\"_blank\"> Kommenteeri <\/a><a href=\"https:\/\/www.delfi.ee\/artikkel\/120585001\/aue-hiljuti-abu-dhabi-tuumajaama-sihtinud-droonid-tulid-iraagi-territooriumilt\/kommentaarid\" class=\"article-body-bottom__comment article-body-bottom__comment--read button button--size-auto\" rel=\"nofollow noopener\" target=\"_blank\"> Loe kommentaare (3)<\/a><\/p>\n","protected":false},"excerpt":{"rendered":"M\u00f6\u00f6dunud n\u00e4dalavahetusel teatati droonil\u00f6\u00f6gist ja tulekahjust Abu Dhabi emiraadis asuva Barakah tuumajaama territooriumil. A\u00dcE ametnike s\u00f5nul tabas r\u00fcnnak&hellip;\n","protected":false},"author":2,"featured_media":182217,"comment_status":"","ping_status":"","sticky":false,"template":"","format":"standard","meta":{"footnotes":"","_share_on_mastodon":"0"},"categories":[80],"tags":[13378,26,27,37,33,35,34,36,31,32,21,4882,1925,28,29,95,19,25,1228,23,24,8320,22,20,30,92,93,94],"class_list":["post-182216","post","type-post","status-publish","format-standard","has-post-thumbnail","category-maailm","tag-araabia-uhendemiraadid","tag-breaking-news","tag-breakingnews","tag-ee","tag-eesti","tag-eesti-keel","tag-estonia","tag-estonian","tag-featured-news","tag-featurednews","tag-headlines","tag-iraak","tag-iraan","tag-latest-news","tag-latestnews","tag-maailm","tag-news","tag-populaarseimad-lood","tag-saudi-araabia","tag-top-stories","tag-topstories","tag-tuumajaam","tag-uldised-uudised","tag-uudised","tag-viimased-uudised","tag-world","tag-world-news","tag-worldnews"],"share_on_mastodon":{"url":"https:\/\/pubeurope.com\/@ee\/116603211261859926","error":""},"_links":{"self":[{"href":"https:\/\/www.europesays.com\/ee\/wp-json\/wp\/v2\/posts\/182216","targetHints":{"allow":["GET"]}}],"collection":[{"href":"https:\/\/www.europesays.com\/ee\/wp-json\/wp\/v2\/posts"}],"about":[{"href":"https:\/\/www.europesays.com\/ee\/wp-json\/wp\/v2\/types\/post"}],"author":[{"embeddable":true,"href":"https:\/\/www.europesays.com\/ee\/wp-json\/wp\/v2\/users\/2"}],"replies":[{"embeddable":true,"href":"https:\/\/www.europesays.com\/ee\/wp-json\/wp\/v2\/comments?post=182216"}],"version-history":[{"count":0,"href":"https:\/\/www.europesays.com\/ee\/wp-json\/wp\/v2\/posts\/182216\/revisions"}],"wp:featuredmedia":[{"embeddable":true,"href":"https:\/\/www.europesays.com\/ee\/wp-json\/wp\/v2\/media\/182217"}],"wp:attachment":[{"href":"https:\/\/www.europesays.com\/ee\/wp-json\/wp\/v2\/media?parent=182216"}],"wp:term":[{"taxonomy":"category","embeddable":true,"href":"https:\/\/www.europesays.com\/ee\/wp-json\/wp\/v2\/categories?post=182216"},{"taxonomy":"post_tag","embeddable":true,"href":"https:\/\/www.europesays.com\/ee\/wp-json\/wp\/v2\/tags?post=182216"}],"curies":[{"name":"wp","href":"https:\/\/api.w.org\/{rel}","templated":true}]}}