{"id":182226,"date":"2026-05-19T21:11:30","date_gmt":"2026-05-19T21:11:30","guid":{"rendered":"https:\/\/www.europesays.com\/ee\/182226\/"},"modified":"2026-05-19T21:11:30","modified_gmt":"2026-05-19T21:11:30","slug":"juhtkiri-michal-uritab-mustkunstnikku-mangida-ja-hirmutab-kolliga-niisugune-kaitumine-on-odav","status":"publish","type":"post","link":"https:\/\/www.europesays.com\/ee\/182226\/","title":{"rendered":"JUHTKIRI | Michal \u00fcritab mustkunstnikku m\u00e4ngida ja hirmutab kolliga. Niisugune k\u00e4itumine on odav"},"content":{"rendered":"<p>N\u00fc\u00fcd proovib samalaadset taktikat Reformierakonna esimees ja Eesti peaminister <a rel=\"noopener nofollow\" target=\"_blank\" href=\"https:\/\/www.delfi.ee\/teema\/56497582\/kristen-michal\" tag-id=\"56497582\">Kristen Michal<\/a>, kes v\u00f5rdleb talle j\u00e4rgmise aasta valimistel vastu astuvaid erakondi <a rel=\"noopener nofollow\" target=\"_blank\" href=\"https:\/\/www.delfi.ee\/artikkel\/120584336\/oravad-kogunesid-uldkogule-michal-astume-vastu-konservatiivsele-kaheksajalale\" data-rel-date-range=\"[]\">\u201ekonservatiivse kaheksajalaga\u201c.<\/a> Teisis\u00f5nu hoiatab ta, et kui liberaalsed valijad praegu ei mobiliseeru, tulevad v\u00f5imule \u00f5ige tumedad j\u00f5ud. Sellised, kelle arusaam isikuvabadustest on midagi hoopis muud kui see, millega seni Eestis harjunud oleme.<\/p>\n","protected":false},"excerpt":{"rendered":"N\u00fc\u00fcd proovib samalaadset taktikat Reformierakonna esimees ja Eesti peaminister Kristen Michal, kes v\u00f5rdleb talle j\u00e4rgmise aasta valimistel vastu&hellip;\n","protected":false},"author":2,"featured_media":182227,"comment_status":"","ping_status":"","sticky":false,"template":"","format":"standard","meta":{"footnotes":"","_share_on_mastodon":"0"},"categories":[12],"tags":[26,27,37,33,35,34,36,31,32,21,731,646,28,29,16357,19,80585,25,3975,643,23,24,22,20,670,30],"class_list":["post-182226","post","type-post","status-publish","format-standard","has-post-thumbnail","category-eesti","tag-breaking-news","tag-breakingnews","tag-ee","tag-eesti","tag-eesti-keel","tag-estonia","tag-estonian","tag-featured-news","tag-featurednews","tag-headlines","tag-isamaa","tag-kristen-michal","tag-latest-news","tag-latestnews","tag-margus-linnamae","tag-news","tag-poliittehnoloogia","tag-populaarseimad-lood","tag-populism","tag-reformierakond","tag-top-stories","tag-topstories","tag-uldised-uudised","tag-uudised","tag-valimised","tag-viimased-uudised"],"share_on_mastodon":{"url":"https:\/\/pubeurope.com\/@ee\/116603301732770220","error":""},"_links":{"self":[{"href":"https:\/\/www.europesays.com\/ee\/wp-json\/wp\/v2\/posts\/182226","targetHints":{"allow":["GET"]}}],"collection":[{"href":"https:\/\/www.europesays.com\/ee\/wp-json\/wp\/v2\/posts"}],"about":[{"href":"https:\/\/www.europesays.com\/ee\/wp-json\/wp\/v2\/types\/post"}],"author":[{"embeddable":true,"href":"https:\/\/www.europesays.com\/ee\/wp-json\/wp\/v2\/users\/2"}],"replies":[{"embeddable":true,"href":"https:\/\/www.europesays.com\/ee\/wp-json\/wp\/v2\/comments?post=182226"}],"version-history":[{"count":0,"href":"https:\/\/www.europesays.com\/ee\/wp-json\/wp\/v2\/posts\/182226\/revisions"}],"wp:featuredmedia":[{"embeddable":true,"href":"https:\/\/www.europesays.com\/ee\/wp-json\/wp\/v2\/media\/182227"}],"wp:attachment":[{"href":"https:\/\/www.europesays.com\/ee\/wp-json\/wp\/v2\/media?parent=182226"}],"wp:term":[{"taxonomy":"category","embeddable":true,"href":"https:\/\/www.europesays.com\/ee\/wp-json\/wp\/v2\/categories?post=182226"},{"taxonomy":"post_tag","embeddable":true,"href":"https:\/\/www.europesays.com\/ee\/wp-json\/wp\/v2\/tags?post=182226"}],"curies":[{"name":"wp","href":"https:\/\/api.w.org\/{rel}","templated":true}]}}