{"id":182293,"date":"2026-05-20T03:11:15","date_gmt":"2026-05-20T03:11:15","guid":{"rendered":"https:\/\/www.europesays.com\/ee\/182293\/"},"modified":"2026-05-20T03:11:15","modified_gmt":"2026-05-20T03:11:15","slug":"portugal-soidab-ronaldo-juhtimisel-mm-ile-staaridest-kubiseva-koosseisuga-soccernet-ee","status":"publish","type":"post","link":"https:\/\/www.europesays.com\/ee\/182293\/","title":{"rendered":"Portugal s\u00f5idab Ronaldo juhtimisel MM-ile staaridest kubiseva koosseisuga &#8211; Soccernet.ee"},"content":{"rendered":"<p><img decoding=\"async\" src=\"https:\/\/www.europesays.com\/ee\/wp-content\/uploads\/2026\/05\/1779199486.jpg\" alt=\"Cristiano Ronaldo. Foto: Scanpix \/ Alexandre de Sousa \/ ZUMAPRESS.com\"\/>&#13;\n<\/p>\n<p>Portugali vutikoondise loots Roberto Martinez avaldas nimekirja palluritest, kes s\u00f5idavad tulevale MM-ile. Lisaks Portugali talismanile Cristiano Ronaldole leiab koosseisust hulganisti absoluutseid maailma tippe.\u00a0<\/p>\n<p>Ronaldo jaoks t\u00e4histab t\u00e4navune suurturniir kuuendat. Esimest korda osales ta MM-il 2006. aastal Saksamaal ning 20 aastat hiljem teeb ta seda 41-aastasena USA-s, Mehhikos ja Kanadas toimuval turniiril. Hetkeseisuga on nimekirjas 27 m\u00e4ngijat ning seda seet\u00f5ttu, et peatreener Martinez otsustas kaasata neljanda puurivahi Ricardo Velho.\u00a0&#13;\n<\/p>\n<p>Lisaks Ronaldole on viiel MM-il osalenud ka sakslane Lothar Matth\u00e4us, argentiinlane Lionel Messi ning mehhiklased Antonio Carbajal, Andres Guardado ning Rafael Marquez. Argentiina koondise koosseisu pole veel avaldatud, ent t\u00f5en\u00e4oliselt s\u00f5idab ka Messi oma kuuendale MM-ile.\u00a0&#13;\n<\/p>\n<p>&#8220;Tahtsin igale positsioonile kahte m\u00e4ngijat,&#8221; vahendab Hispaania v\u00e4ljaanne Marca peatreener Martinezi \u00f6eldut. &#8220;Tahame teha midagi sellist, mida pole kunagi tehtud\u00a0[v\u00f5ita maailmameistriv\u00f5istlused]. M\u00e4ngijate valik oli vastutusrikas ja aus protsess, mis n\u00f5udis palju t\u00f6\u00f6d. Arvan, et saavutasime v\u00e4ga hea tasakaalu,&#8221; s\u00f5nas loots.\u00a0<\/p>\n<p>Portugal m\u00e4ngib MM-il K-alagrupis ning nende jaoks algab turniir 17. juunil, mil minnakse vastamisi Kongo DV-ga. Seej\u00e4rel madistatakse Usbekistani ja Kolumbiaga. Portugali parim tulemus MM-il j\u00e4\u00e4b 1966. aastasse, mil saadi kaela pronksmedalid.\u00a0&#13;\n<\/p>\n<p>Portugali koondise koosseis MM-finaalturniiriks:&#13;\n<\/p>\n<p>V\u00e4ravavahid:\u00a0Diogo Costa (Porto), Jose Sa (Wolverhampton Wanderers), Rui Silva (Lissaboni Sporting), Ricardo Velho (Farense).<br \/>&#13;<br \/>\nKaitsjad:\u00a0Diogo Dalot (Manchester United), Matheus Nunes (Manchester City), Nelson Semedo (Wolverhampton Wanderers), Joao Cancelo (Barcelona), Nuno Mendes (Pariisi Saint-Germain), Goncalo Inacio (Lissaboni Sporting), Renato Veiga (Chelsea), Ruben Dias (Manchester City), Tomas Araujo (Benfica).<br \/>&#13;<br \/>\nPoolkaitsjad: Ruben Neves (AL Hilal), Samu Costa (Mallorca), Joao Neves (Pariisi Saint-Germain), Vitinha (Pariisi Saint-Germain), Bruno Fernandes (Manchester United), Bernardo Silva (Manchester City).<br \/>&#13;<br \/>\nR\u00fcndajad: Joao Felix (Al Nassr), Trincao (Lissaboni Sporting), Francisco Conceicao (Juventus), Pedro Neto (Chelsea), Rafael Leao (AC Milan), Goncalo Guedes (Villarreal), Goncalo Ramos (Pariisi Saint-Germain), Cristiano Ronaldo (Al Nassr).\u00a0<\/p>\n","protected":false},"excerpt":{"rendered":"&#13; Portugali vutikoondise loots Roberto Martinez avaldas nimekirja palluritest, kes s\u00f5idavad tulevale MM-ile. Lisaks Portugali talismanile Cristiano Ronaldole&hellip;\n","protected":false},"author":2,"featured_media":182294,"comment_status":"","ping_status":"","sticky":false,"template":"","format":"standard","meta":{"footnotes":"","_share_on_mastodon":"0"},"categories":[18],"tags":[3887,37,33,35,34,36,8597,45724,1714,6890,2729,80596,3888,159,158],"class_list":["post-182293","post","type-post","status-publish","format-standard","has-post-thumbnail","category-sport","tag-cristiano-ronaldo","tag-ee","tag-eesti","tag-eesti-keel","tag-estonia","tag-estonian","tag-maailmameistrivoistlused","tag-martinez","tag-mm","tag-mm2026","tag-portugal","tag-roberot-martinez","tag-ronaldo","tag-sport","tag-sports"],"share_on_mastodon":{"url":"https:\/\/pubeurope.com\/@ee\/116604717450890294","error":""},"_links":{"self":[{"href":"https:\/\/www.europesays.com\/ee\/wp-json\/wp\/v2\/posts\/182293","targetHints":{"allow":["GET"]}}],"collection":[{"href":"https:\/\/www.europesays.com\/ee\/wp-json\/wp\/v2\/posts"}],"about":[{"href":"https:\/\/www.europesays.com\/ee\/wp-json\/wp\/v2\/types\/post"}],"author":[{"embeddable":true,"href":"https:\/\/www.europesays.com\/ee\/wp-json\/wp\/v2\/users\/2"}],"replies":[{"embeddable":true,"href":"https:\/\/www.europesays.com\/ee\/wp-json\/wp\/v2\/comments?post=182293"}],"version-history":[{"count":0,"href":"https:\/\/www.europesays.com\/ee\/wp-json\/wp\/v2\/posts\/182293\/revisions"}],"wp:featuredmedia":[{"embeddable":true,"href":"https:\/\/www.europesays.com\/ee\/wp-json\/wp\/v2\/media\/182294"}],"wp:attachment":[{"href":"https:\/\/www.europesays.com\/ee\/wp-json\/wp\/v2\/media?parent=182293"}],"wp:term":[{"taxonomy":"category","embeddable":true,"href":"https:\/\/www.europesays.com\/ee\/wp-json\/wp\/v2\/categories?post=182293"},{"taxonomy":"post_tag","embeddable":true,"href":"https:\/\/www.europesays.com\/ee\/wp-json\/wp\/v2\/tags?post=182293"}],"curies":[{"name":"wp","href":"https:\/\/api.w.org\/{rel}","templated":true}]}}