{"id":182318,"date":"2026-05-20T03:59:09","date_gmt":"2026-05-20T03:59:09","guid":{"rendered":"https:\/\/www.europesays.com\/ee\/182318\/"},"modified":"2026-05-20T03:59:09","modified_gmt":"2026-05-20T03:59:09","slug":"spordi-asekantsler-peame-uhel-hetkel-otsustama-millistele-aladele-rahaliselt-keskendume","status":"publish","type":"post","link":"https:\/\/www.europesays.com\/ee\/182318\/","title":{"rendered":"Spordi asekantsler: peame \u00fchel hetkel otsustama, millistele aladele rahaliselt keskendume"},"content":{"rendered":"<p>Varasemalt mitmeid aastaid Eesti Ol\u00fcmpiakomitees t\u00f6\u00f6tanud Mitt on asekantslerina ametis olnud n\u00fc\u00fcdseks aasta aega, kirjutab <a rel=\"noopener follow nofollow\" target=\"_blank\" href=\"https:\/\/sport.err.ee\/1610027818\/spordi-asekantsler-tippspordis-peame-mingil-hetkel-valikuid-tegema\" data-rel-date-range=\"[]\">ERR Sport<\/a>.<\/p>\n<p>\u201eTeam Estonias meil tegelikult ei ole pikka plaani. \u00dche n\u00e4itena kasv\u00f5i see, et millistele spordialadele me keskendume. Mina n\u00e4en, et t\u00e4nases finantsilises olukorras peame mingil hetkel valikuid tegema ja tegelikult on see ka valdkonna jaoks oluline, kui \u00f6eldakse konkreetselt \u00e4ra, millele keskendutakse ja millele mitte,\u201c s\u00f5nas Mitt, et \u00fchel hetkel tuleb teatud spordialasid rahaliselt eelistama hakata.<\/p>\n<p>\u201eT\u00e4na on toetuse peal ligikaudu 60 spordialaliitu. Ma ei \u00fctle, et keegi peaks ilma j\u00e4\u00e4ma, aga v\u00f5ib-olla peame tippspordis mingil hetkel valikuid tegema,\u201c m\u00e4rkis Mitt.<\/p>\n<p>Spordivaldkonna finantsmuskli kasvatamiseks tuleb Mitti hinnangul kitsaskohad senisest j\u00f5ulisemalt siduda poliitilise otsustusprotsessiga, et need j\u00f5uaksid ka erakondade valimisprogrammidesse.<\/p>\n<p>Kuidas see lugu Sind end tundma pani? Saada <a href=\"https:\/\/sport.delfi.ee\/artikkel\/120584996\/spordi-asekantsler-peame-uhel-hetkel-otsustama-millistele-aladele-rahaliselt-keskendume\/kommentaarid\" class=\"article-body-bottom__comment article-body-bottom__comment--write button button--primary button--size-auto\" rel=\"nofollow noopener\" target=\"_blank\"> Kommenteeri <\/a><a href=\"https:\/\/sport.delfi.ee\/artikkel\/120584996\/spordi-asekantsler-peame-uhel-hetkel-otsustama-millistele-aladele-rahaliselt-keskendume\/kommentaarid\" class=\"article-body-bottom__comment article-body-bottom__comment--read button button--size-auto\" rel=\"nofollow noopener\" target=\"_blank\"> Loe kommentaare (5)<\/a><\/p>\n","protected":false},"excerpt":{"rendered":"Varasemalt mitmeid aastaid Eesti Ol\u00fcmpiakomitees t\u00f6\u00f6tanud Mitt on asekantslerina ametis olnud n\u00fc\u00fcdseks aasta aega, kirjutab ERR Sport. \u201eTeam&hellip;\n","protected":false},"author":2,"featured_media":182319,"comment_status":"","ping_status":"","sticky":false,"template":"","format":"standard","meta":{"footnotes":"","_share_on_mastodon":"0"},"categories":[5],"tags":[26,27,37,33,35,34,36,31,32,21,28,29,19,25,5809,23,24,22,20,30],"class_list":["post-182318","post","type-post","status-publish","format-standard","has-post-thumbnail","category-uldised-uudised","tag-breaking-news","tag-breakingnews","tag-ee","tag-eesti","tag-eesti-keel","tag-estonia","tag-estonian","tag-featured-news","tag-featurednews","tag-headlines","tag-latest-news","tag-latestnews","tag-news","tag-populaarseimad-lood","tag-raido-mitt","tag-top-stories","tag-topstories","tag-uldised-uudised","tag-uudised","tag-viimased-uudised"],"share_on_mastodon":{"url":"https:\/\/pubeurope.com\/@ee\/116604906085550579","error":""},"_links":{"self":[{"href":"https:\/\/www.europesays.com\/ee\/wp-json\/wp\/v2\/posts\/182318","targetHints":{"allow":["GET"]}}],"collection":[{"href":"https:\/\/www.europesays.com\/ee\/wp-json\/wp\/v2\/posts"}],"about":[{"href":"https:\/\/www.europesays.com\/ee\/wp-json\/wp\/v2\/types\/post"}],"author":[{"embeddable":true,"href":"https:\/\/www.europesays.com\/ee\/wp-json\/wp\/v2\/users\/2"}],"replies":[{"embeddable":true,"href":"https:\/\/www.europesays.com\/ee\/wp-json\/wp\/v2\/comments?post=182318"}],"version-history":[{"count":0,"href":"https:\/\/www.europesays.com\/ee\/wp-json\/wp\/v2\/posts\/182318\/revisions"}],"wp:featuredmedia":[{"embeddable":true,"href":"https:\/\/www.europesays.com\/ee\/wp-json\/wp\/v2\/media\/182319"}],"wp:attachment":[{"href":"https:\/\/www.europesays.com\/ee\/wp-json\/wp\/v2\/media?parent=182318"}],"wp:term":[{"taxonomy":"category","embeddable":true,"href":"https:\/\/www.europesays.com\/ee\/wp-json\/wp\/v2\/categories?post=182318"},{"taxonomy":"post_tag","embeddable":true,"href":"https:\/\/www.europesays.com\/ee\/wp-json\/wp\/v2\/tags?post=182318"}],"curies":[{"name":"wp","href":"https:\/\/api.w.org\/{rel}","templated":true}]}}