{"id":182348,"date":"2026-05-20T05:11:10","date_gmt":"2026-05-20T05:11:10","guid":{"rendered":"https:\/\/www.europesays.com\/ee\/182348\/"},"modified":"2026-05-20T05:11:10","modified_gmt":"2026-05-20T05:11:10","slug":"olesija-saue-inimesi-ei-tomba-taiuslikkus-vaid-elusus-mida-saavad-juhid-oppida-ted-turnerilt-nahtavuse-mitu-palet-edasi","status":"publish","type":"post","link":"https:\/\/www.europesays.com\/ee\/182348\/","title":{"rendered":"Olesija Saue: inimesi ei t\u00f5mba t\u00e4iuslikkus, vaid elusus. Mida saavad juhid \u00f5ppida Ted Turnerilt? &#8220;N\u00e4htavuse mitu palet&#8221; \u2013 Edasi"},"content":{"rendered":"<p>\t\t\t<img loading=\"lazy\" width=\"1024\" height=\"716\" src=\"data:image\/svg+xml,%3Csvg%20xmlns=\" http:=\"\" class=\"attachment-hive-single-image size-hive-single-image wp-post-image\" alt=\"\" decoding=\"async\" data-lazy- data-lazy- data-attachment-id=\"275657\" data-permalink=\"https:\/\/edasi.org\/275574\/olesija-saue-inimesi-ei-tomba-taiuslikkus-vaid-elusus-mida-saavad-juhid-oppida-ted-turnerilt-nahtavuse-mitu-palet\/wwe-archive\/\" data-orig-file=\"https:\/\/edasi.org\/wp-content\/uploads\/2026\/05\/GettyImages-2274829565-scaled.webp\" data-orig-size=\"2048,1432\" data-comments-opened=\"0\" data-image-meta=\"{&quot;aperture&quot;:&quot;0&quot;,&quot;credit&quot;:&quot;WWE via Getty Images&quot;,&quot;camera&quot;:&quot;LS-5000&quot;,&quot;caption&quot;:&quot;ATLANTA, GEORGIA - CIRCA 1990: Ted Turner poses for a photo circa 1990 in Atlanta, Georgia. (Photo by WWE\/WWE via Getty Images)&quot;,&quot;created_timestamp&quot;:&quot;1778069895&quot;,&quot;copyright&quot;:&quot;WWE&quot;,&quot;focal_length&quot;:&quot;0&quot;,&quot;iso&quot;:&quot;0&quot;,&quot;shutter_speed&quot;:&quot;0&quot;,&quot;title&quot;:&quot;WWE Archive&quot;,&quot;orientation&quot;:&quot;1&quot;}\" data-image-title=\"WWE Archive\" data-image-description=\"\" data-image-caption=\"&lt;p&gt;Ted Turner CNNi stuudios, 1990. Foto: Getty&lt;\/p&gt;&#10;\" data-large-file=\"https:\/\/www.europesays.com\/ee\/wp-content\/uploads\/2026\/05\/GettyImages-2274829565-1024x716.webp\" data-lazy-src=\"https:\/\/www.europesays.com\/ee\/wp-content\/uploads\/2026\/05\/GettyImages-2274829565-1024x716.webp\"\/>\t\t\tTed Turner CNNi stuudios, 1990. Foto: Getty\t\t<\/p>\n<p class=\"intro\">Kui inimene r\u00e4\u00e4gib teemadest, mis teda p\u00e4riselt liigutavad, tekib tema kommunikatsiooni s\u00fcgavus, mida ei ole v\u00f5imalik tehislikult kopeerida.<\/p>\n<p>Eelmisel n\u00e4dalal j\u00e4in CNNis vaatama lugu Ted Turnerist. Mehest, keda tunti h\u00fc\u00fcdnimega The Mouth of the South. Mehest, kes oli liiga vali, liiga emotsionaalne, liiga provokatiivne ja keda oli liiga palju. Ja mida rohkem ma teda vaatasin, seda rohkem m\u00f5tlesin sellele, et Turner ei ehitanud lihtsalt CNNi, vaid ta ehitas endale maailma \u00fche v\u00f5imsaima megafoni. See k\u00f5lab j\u00f5hkralt, aga ausalt \u00f6eldes see on \u00fcsna t\u00e4pne.<\/p>\n","protected":false},"excerpt":{"rendered":"Ted Turner CNNi stuudios, 1990. Foto: Getty Kui inimene r\u00e4\u00e4gib teemadest, mis teda p\u00e4riselt liigutavad, tekib tema kommunikatsiooni&hellip;\n","protected":false},"author":2,"featured_media":182349,"comment_status":"","ping_status":"","sticky":false,"template":"","format":"standard","meta":{"footnotes":"","_share_on_mastodon":"0"},"categories":[16],"tags":[424,37,33,35,2922,173,34,36,66,5233,140,80604,3353,65],"class_list":["post-182348","post","type-post","status-publish","format-standard","has-post-thumbnail","category-meelelahutus","tag-edasi","tag-ee","tag-eesti","tag-eesti-keel","tag-eestvedamine","tag-entertainment","tag-estonia","tag-estonian","tag-juhtimine","tag-kommunikatsioon","tag-meelelahutus","tag-nahtavuse-mitu-palet","tag-tooelu","tag-turundus"],"share_on_mastodon":{"url":"https:\/\/pubeurope.com\/@ee\/116605189159352894","error":""},"_links":{"self":[{"href":"https:\/\/www.europesays.com\/ee\/wp-json\/wp\/v2\/posts\/182348","targetHints":{"allow":["GET"]}}],"collection":[{"href":"https:\/\/www.europesays.com\/ee\/wp-json\/wp\/v2\/posts"}],"about":[{"href":"https:\/\/www.europesays.com\/ee\/wp-json\/wp\/v2\/types\/post"}],"author":[{"embeddable":true,"href":"https:\/\/www.europesays.com\/ee\/wp-json\/wp\/v2\/users\/2"}],"replies":[{"embeddable":true,"href":"https:\/\/www.europesays.com\/ee\/wp-json\/wp\/v2\/comments?post=182348"}],"version-history":[{"count":0,"href":"https:\/\/www.europesays.com\/ee\/wp-json\/wp\/v2\/posts\/182348\/revisions"}],"wp:featuredmedia":[{"embeddable":true,"href":"https:\/\/www.europesays.com\/ee\/wp-json\/wp\/v2\/media\/182349"}],"wp:attachment":[{"href":"https:\/\/www.europesays.com\/ee\/wp-json\/wp\/v2\/media?parent=182348"}],"wp:term":[{"taxonomy":"category","embeddable":true,"href":"https:\/\/www.europesays.com\/ee\/wp-json\/wp\/v2\/categories?post=182348"},{"taxonomy":"post_tag","embeddable":true,"href":"https:\/\/www.europesays.com\/ee\/wp-json\/wp\/v2\/tags?post=182348"}],"curies":[{"name":"wp","href":"https:\/\/api.w.org\/{rel}","templated":true}]}}