{"id":182360,"date":"2026-05-20T05:36:08","date_gmt":"2026-05-20T05:36:08","guid":{"rendered":"https:\/\/www.europesays.com\/ee\/182360\/"},"modified":"2026-05-20T05:36:08","modified_gmt":"2026-05-20T05:36:08","slug":"linnaloomad-on-julgemad-ja-jultunumad-loodus","status":"publish","type":"post","link":"https:\/\/www.europesays.com\/ee\/182360\/","title":{"rendered":"Linnaloomad on julgemad ja jultunumad | Loodus"},"content":{"rendered":"<p>Igal loomal on oma iseloom, aga see iseloom v\u00f5ib tugevalt s\u00f5ltuda looma elupaigast. Hiljuti valminud ulatuslik uuring sedastab, et linnaloomadel on selgelt teistsugune iseloom kui maaloomadel.<\/p>\n<p>Prantsuse ja Ameerika teadlased eesotsas Tracy Burkhardiga Montpellier&#8217; \u00dclikoolist v\u00f5tsid ette 81 varem sel teemal ilmunud uuringut, mis h\u00f5lmasid k\u00fcmneid liike loomi mitmelt mandrilt, saades sel moel k\u00e4tte enneolematult \u00fclevaatliku pildi.<\/p>\n<p>N\u00fc\u00fcd kirjutavad nad ajakirjas <a href=\"https:\/\/besjournals.onlinelibrary.wiley.com\/doi\/10.1111\/1365-2656.70269\" target=\"_blank\" rel=\"noopener nofollow\">Journal of Animal Ecology<\/a>, et linnas elavad loomad on keskelt\u00e4bi v\u00f5ttes julgemad ja agressiivsemad, aga ka uudishimulikumad oma \u00fcmbrust uurima ja \u00fcle\u00fcldse aktiivsema ellusuhtumisega kui samade liikide maal elavad isendid.<\/p>\n<p>Peamiselt Euroopa ja P\u00f5hja-Ameerika, aga ka muude paikade linnu k\u00e4sitlenud uuring t\u00f5i seesuguse erinevuse esile \u00fcsna s\u00f5ltumata loomade t\u00e4psemast \u00f6koni\u0161ist, toidueelistustest ja muist seesugusist n\u00e4itajaist.<\/p>\n<p>Nii v\u00f5ib arvata, et just linnaelus endas on t\u00f5esti miskit maaeluga v\u00f5rreldes nii fundamentaalselt erinevat, et loomade iseloomuvahed l\u00f6\u00f6vad siin \u00fcleilmselt v\u00e4lja.<\/p>\n<p><img decoding=\"async\" style=\"width: 100%;\" src=\"https:\/\/www.europesays.com\/ee\/wp-content\/uploads\/2026\/05\/1779255368_177_558447h58e7.png\"\/><\/p>\n<p>Seletusi pakuvad teadlased kaks p\u00f5hilist.<\/p>\n<p>Esiteks v\u00f5ib linnakeskkond endasse meelitadagi eesk\u00e4tt just julgemaid ja kohanemisv\u00f5imelisemaid isendeid, kes saavad neis keerukais ja muutlikes oludes algusest peale teistest paremini hakkama.<\/p>\n<p>Teiseks v\u00f5ib looduslik valik linnaloomade seast eelistatumalt ellu j\u00e4tta julgemaid ja jultunumaid isendeid, sest just need iseloomuomadused tulevad linnaelus rohkem kasuks kui maal.<\/p>\n<p>Julgus ja riskialtisus aitavad kohaneda looduslikust erineva elupaigaga ja olla v\u00e4hem h\u00e4iritud ka inimeste ligiolust.<\/p>\n<p>Autorid tunnistavad, et tulemusi v\u00f5ib kallutada asjaolu, et ligi kolmveerand uuringusse j\u00f5undnud liikidest olid linnud.<\/p>\n<p>Teiste loomar\u00fchmade nagu imetajate, roomajate, kahepaiksete ja putukate seas tuli linna- ja maaloomade vahelisi erinevusi v\u00e4lja v\u00e4hem kui lindudel, ja v\u00f5ib-olla just uuringute suhtelise v\u00e4hesuse t\u00f5ttu.<\/p>\n<p>Selge on aga see, m\u00e4rgivad autorid, et linnade hoogne kasv t\u00e4nap\u00e4eva maailmas ei muuda ainult maastikku, vaid ka loomade k\u00e4itumist ja iseloomu.<\/p>\n<p>Teadusuudised on Vikerraadios eetris esmasp\u00e4evast reedeni ca kell 8.35 ja laup\u00e4eval ca kell 8.25.<\/p>\n","protected":false},"excerpt":{"rendered":"Igal loomal on oma iseloom, aga see iseloom v\u00f5ib tugevalt s\u00f5ltuda looma elupaigast. Hiljuti valminud ulatuslik uuring sedastab,&hellip;\n","protected":false},"author":2,"featured_media":182361,"comment_status":"","ping_status":"","sticky":false,"template":"","format":"standard","meta":{"footnotes":"","_share_on_mastodon":"0"},"categories":[80],"tags":[26,27,37,33,35,34,36,31,32,21,602,7763,28,29,28311,80605,95,19,25,23,24,22,20,30,92,93,94],"class_list":["post-182360","post","type-post","status-publish","format-standard","has-post-thumbnail","category-maailm","tag-breaking-news","tag-breakingnews","tag-ee","tag-eesti","tag-eesti-keel","tag-estonia","tag-estonian","tag-featured-news","tag-featurednews","tag-headlines","tag-iseloom","tag-julgus","tag-latest-news","tag-latestnews","tag-linnaloom","tag-linnaloomad","tag-maailm","tag-news","tag-populaarseimad-lood","tag-top-stories","tag-topstories","tag-uldised-uudised","tag-uudised","tag-viimased-uudised","tag-world","tag-world-news","tag-worldnews"],"share_on_mastodon":{"url":"https:\/\/pubeurope.com\/@ee\/116605287479113630","error":""},"_links":{"self":[{"href":"https:\/\/www.europesays.com\/ee\/wp-json\/wp\/v2\/posts\/182360","targetHints":{"allow":["GET"]}}],"collection":[{"href":"https:\/\/www.europesays.com\/ee\/wp-json\/wp\/v2\/posts"}],"about":[{"href":"https:\/\/www.europesays.com\/ee\/wp-json\/wp\/v2\/types\/post"}],"author":[{"embeddable":true,"href":"https:\/\/www.europesays.com\/ee\/wp-json\/wp\/v2\/users\/2"}],"replies":[{"embeddable":true,"href":"https:\/\/www.europesays.com\/ee\/wp-json\/wp\/v2\/comments?post=182360"}],"version-history":[{"count":0,"href":"https:\/\/www.europesays.com\/ee\/wp-json\/wp\/v2\/posts\/182360\/revisions"}],"wp:featuredmedia":[{"embeddable":true,"href":"https:\/\/www.europesays.com\/ee\/wp-json\/wp\/v2\/media\/182361"}],"wp:attachment":[{"href":"https:\/\/www.europesays.com\/ee\/wp-json\/wp\/v2\/media?parent=182360"}],"wp:term":[{"taxonomy":"category","embeddable":true,"href":"https:\/\/www.europesays.com\/ee\/wp-json\/wp\/v2\/categories?post=182360"},{"taxonomy":"post_tag","embeddable":true,"href":"https:\/\/www.europesays.com\/ee\/wp-json\/wp\/v2\/tags?post=182360"}],"curies":[{"name":"wp","href":"https:\/\/api.w.org\/{rel}","templated":true}]}}