{"id":182417,"date":"2026-05-20T06:55:14","date_gmt":"2026-05-20T06:55:14","guid":{"rendered":"https:\/\/www.europesays.com\/ee\/182417\/"},"modified":"2026-05-20T06:55:14","modified_gmt":"2026-05-20T06:55:14","slug":"video-putin-pekingis-venemaa-on-endiselt-oma-ressursside-usaldusvaarne-tarnija-ja-hiina-nende-vastutustundlik-tarbija","status":"publish","type":"post","link":"https:\/\/www.europesays.com\/ee\/182417\/","title":{"rendered":"VIDEO | Putin Pekingis: Venemaa on endiselt oma ressursside usaldusv\u00e4\u00e4rne tarnija ja Hiina nende vastutustundlik tarbija"},"content":{"rendered":"<p>Putin saabus Tiananmeni v\u00e4ljakule oma Aurusega ning p\u00e4rast k\u00e4tlemist k\u00f5lasid h\u00fcmnid ja aupaugud, vahendab Interfax.<\/p>\n<p>Seej\u00e4rel esitas Hiina s\u00f5jav\u00e4eorkester viisi \u201e\u00d5htud Moskva l\u00e4histel\u201c ning Putin ja Xi l\u00e4ksid neid lippude ja lilledega tervitanud laste juurde.<\/p>\n<p>Putini delegatsioonis on viis asepeaministrit, kaheksa ministrit, presidendiadministratsiooni esindajad, regioonide juhid, riigiettev\u00f5tete direktorid, suurte pankade juhid ja suur\u00e4rimehed. Pekingis on ka Venemaa keskpanga juht <a rel=\"noopener nofollow\" target=\"_blank\" href=\"https:\/\/www.delfi.ee\/teema\/96864751\/elvira-nabiullina-2\" tag-id=\"96864751\">Elvira Nabiullina<\/a> ja Venemaa Otseinvesteeringute Fondi juht <a rel=\"noopener nofollow\" target=\"_blank\" href=\"https:\/\/www.delfi.ee\/teema\/96867363\/kirill-dmitrijev\" tag-id=\"96867363\">Kirill Dmitrijev<\/a>.<\/p>\n<p>P\u00e4rast vastuv\u00f5tutseremooniat toimusid l\u00e4bir\u00e4\u00e4kimised kitsas ringis, millele j\u00e4rgnevad l\u00e4bir\u00e4\u00e4kimised laiemas ringis ning siis dokumentide allkirjastamine ja riigipeade avaldused meediale.<\/p>\n<p>Putin \u00fctles, et Venemaa ja Hiina majanduskoost\u00f6\u00f6 n\u00e4itab head d\u00fcnaamikat vaatamata ebasoodsale v\u00e4lisele konjunktuurile muu hulgas energiaressursside tarnete valdkonnas.<\/p>\n<p>Putin kuulutas, et Vene-Hiina koost\u00f6\u00f6 vedur on koost\u00f6\u00f6 energeetika valdkonnas. \u201e<a rel=\"noopener nofollow\" target=\"_blank\" href=\"https:\/\/www.delfi.ee\/teema\/30604059\/lahis-ida\" tag-id=\"30604059\">L\u00e4his-Ida<\/a> kriisi taustal s\u00e4ilitab Venemaa endiselt oma ressursside usaldusv\u00e4\u00e4rse tarnija ja Hiina nende ressursside vastutustundliku tarbija rolli,\u201c lausus Putin.<\/p>\n<p>Putin r\u00f5hutas, et Vene-Hiina majanduskoost\u00f6\u00f6 prioriteetide hulgas on suured \u00fchisalgatused t\u00f6\u00f6stuses ja p\u00f5llumajanduses, transpordis ja k\u00f5rgtehnoloogiates.<\/p>\n<p>\u201eMeie koost\u00f6\u00f6 v\u00e4lispoliitika asjades on \u00fcks peamisi stabiliseerivaid tegureid rahvusvahelisel areenil. K\u00e4ib k\u00f5igi osaliste huvide tasakaalul p\u00f5hineva mitmekeskuselise maailma kujunemise keeruline protsess,\u201c \u00fctles Putin.<\/p>\n<p>Putin kuulutas, et Venemaa ja Hiina kaitsevad kultuurilist ja tsivilisatsioonilist mitmekesisust ning riikide suver\u00e4\u00e4nset arengut ning p\u00fc\u00fcdlevad \u00f5iglasema demokraatliku maailma \u00fclesehituse poole.<\/p>\n<p>\u201ePraegusel ajal kaootilise rahvusvahelise olukorra tingimustes on n\u00e4ha \u00fchepoolsuse ja hegemoonia valitsemist, aga rahvaste lootuseks ja ajastu vaimuks j\u00e4\u00e4b endiselt p\u00fc\u00fcdlemine rahu, arengu ja koost\u00f6\u00f6 poole,\u201c \u00fctles Xi, kelle s\u00f5nul peavad Hiina ja Venemaa pikaaegseid huve arvesse v\u00f5ttes p\u00fc\u00fcdlema rahvusliku taass\u00fcnni poole kvaliteetsema k\u00f5ikeh\u00f5lmava strateegilise koost\u00f6\u00f6 kaudu ning ehitama \u00f5iglasema ja m\u00f5istlikuma \u00fclemaailmse valitsemise s\u00fcsteemi.<\/p>\n<p>Kuidas see lugu Sind end tundma pani? Saada <a href=\"http:\/\/www.delfi.ee\/artikkel\/120585022\/putin-pekingis-venemaa-on-endiselt-oma-ressursside-usaldusvaarne-tarnija-ja-hiina-nende-vastutustundlik-tarbija\/kommentaarid\" class=\"article-body-bottom__comment article-body-bottom__comment--write button button--primary button--size-auto\" rel=\"nofollow noopener\" target=\"_blank\"> Kommenteeri <\/a><a href=\"http:\/\/www.delfi.ee\/artikkel\/120585022\/putin-pekingis-venemaa-on-endiselt-oma-ressursside-usaldusvaarne-tarnija-ja-hiina-nende-vastutustundlik-tarbija\/kommentaarid\" class=\"article-body-bottom__comment article-body-bottom__comment--read button button--size-auto\" rel=\"nofollow noopener\" target=\"_blank\"> Loe kommentaare (4)<\/a><\/p>\n","protected":false},"excerpt":{"rendered":"Putin saabus Tiananmeni v\u00e4ljakule oma Aurusega ning p\u00e4rast k\u00e4tlemist k\u00f5lasid h\u00fcmnid ja aupaugud, vahendab Interfax. Seej\u00e4rel esitas Hiina&hellip;\n","protected":false},"author":2,"featured_media":182418,"comment_status":"","ping_status":"","sticky":false,"template":"","format":"standard","meta":{"footnotes":"","_share_on_mastodon":"0"},"categories":[5],"tags":[26,27,37,33,35,5432,34,36,31,32,21,326,12648,4376,28,29,19,7227,25,23,24,22,20,96,30,661,327],"class_list":["post-182417","post","type-post","status-publish","format-standard","has-post-thumbnail","category-uldised-uudised","tag-breaking-news","tag-breakingnews","tag-ee","tag-eesti","tag-eesti-keel","tag-elvira-nabiullina","tag-estonia","tag-estonian","tag-featured-news","tag-featurednews","tag-headlines","tag-hiina","tag-kirill-dmitrijev","tag-lahis-ida","tag-latest-news","tag-latestnews","tag-news","tag-peking","tag-populaarseimad-lood","tag-top-stories","tag-topstories","tag-uldised-uudised","tag-uudised","tag-venemaa","tag-viimased-uudised","tag-vladimir-putin","tag-xi-jinping"],"share_on_mastodon":{"url":"https:\/\/pubeurope.com\/@ee\/116605598287885256","error":""},"_links":{"self":[{"href":"https:\/\/www.europesays.com\/ee\/wp-json\/wp\/v2\/posts\/182417","targetHints":{"allow":["GET"]}}],"collection":[{"href":"https:\/\/www.europesays.com\/ee\/wp-json\/wp\/v2\/posts"}],"about":[{"href":"https:\/\/www.europesays.com\/ee\/wp-json\/wp\/v2\/types\/post"}],"author":[{"embeddable":true,"href":"https:\/\/www.europesays.com\/ee\/wp-json\/wp\/v2\/users\/2"}],"replies":[{"embeddable":true,"href":"https:\/\/www.europesays.com\/ee\/wp-json\/wp\/v2\/comments?post=182417"}],"version-history":[{"count":0,"href":"https:\/\/www.europesays.com\/ee\/wp-json\/wp\/v2\/posts\/182417\/revisions"}],"wp:featuredmedia":[{"embeddable":true,"href":"https:\/\/www.europesays.com\/ee\/wp-json\/wp\/v2\/media\/182418"}],"wp:attachment":[{"href":"https:\/\/www.europesays.com\/ee\/wp-json\/wp\/v2\/media?parent=182417"}],"wp:term":[{"taxonomy":"category","embeddable":true,"href":"https:\/\/www.europesays.com\/ee\/wp-json\/wp\/v2\/categories?post=182417"},{"taxonomy":"post_tag","embeddable":true,"href":"https:\/\/www.europesays.com\/ee\/wp-json\/wp\/v2\/tags?post=182417"}],"curies":[{"name":"wp","href":"https:\/\/api.w.org\/{rel}","templated":true}]}}