{"id":182465,"date":"2026-05-20T07:50:06","date_gmt":"2026-05-20T07:50:06","guid":{"rendered":"https:\/\/www.europesays.com\/ee\/182465\/"},"modified":"2026-05-20T07:50:06","modified_gmt":"2026-05-20T07:50:06","slug":"22-aastat-ootust-on-labi-arsenal-krooniti-taas-inglismaa-meistriks-postimees-sport","status":"publish","type":"post","link":"https:\/\/www.europesays.com\/ee\/182465\/","title":{"rendered":"22 aastat ootust on l\u00e4bi: Arsenal krooniti taas Inglismaa meistriks &#8211; Postimees Sport"},"content":{"rendered":"<ol>\n<li><a href=\"https:\/\/news.google.com\/rss\/articles\/CBMiowFBVV95cUxOczQ0TGRVUm1ISHNvTUZ0bERzWEdNV0dkajVTOWd4bzdkLTg3UWh6V3k3R29vN1UzRnBhSnA1UFBnMEk0c3pWVU9BdTdBV0lKb2Ziai1Zay1wc1hxYVVPN0RKbTkxYVNoXzBkWkV1UnZNX0VvTUlZbE1TLUxpVFJJa3YyMUFIVEFUSUpBQVBaRjRpRGY4bkNxRDBnVUF6N1pFVzJZ?oc=5\" target=\"_blank\" rel=\"nofollow noopener\">22 aastat ootust on l\u00e4bi: Arsenal krooniti taas Inglismaa meistriks<\/a>&nbsp;&nbsp;Postimees Sport<\/li>\n<li><a href=\"https:\/\/news.google.com\/rss\/articles\/CBMilAFBVV95cUxNQjZZdkxveWxzdE0xQkZTd2hWclgybzR1eGJMeHJDbnZMTHlzd3NPTU9LcldTanJYU1huT2MtdXFSNEJQdkJvc2FLZTVUUjExSWlXWXdfNVB2VjNEYkxITWVVT3IxMGN6MHhhbHR0b1g0Rl9EQWpqa0hmX3VNZEp4VEM5UHVvVjNxVVQ5SDJYeXRhTGVD?oc=5\" target=\"_blank\" rel=\"nofollow noopener\">Arsenal tuli \u00fcle paari aastak\u00fcmne taas Inglismaa meistriks<\/a>&nbsp;&nbsp;sport | ERR<\/li>\n<li><a href=\"https:\/\/news.google.com\/rss\/articles\/CBMizAFBVV95cUxOcWM4Yl8ybWVVUWxqek9hYmR0aDFoZGxGRnBmQ0dqRlVuUTRlQlRVTFVFXzFaRmVpUE1Cc2w3eGI5Q2Z3TEswQ2tWSTI2cDA5OC1qc1dPVjFoamtyRTBxdTdncVp3Njl5d20tM25ITG5DdWNFNkg4Z3BoUTRUNVFXV3VUMzRNS2cyeTlCT1ZOamYybHFOQ2VxSnF5TjhnYW9sNll0MDg2X0tOU3Q0WHRiV21XaWl1NVNMNDdlcVUtSjNYblh5VV9la2FxdGE?oc=5\" target=\"_blank\" rel=\"nofollow noopener\">Londoni Arsenal j\u00f5udis p\u00e4rast 22-aastast pausi Inglismaa meistritiitlist vaid \u00fche sammu kaugusele<\/a>&nbsp;&nbsp;Postimees Sport<\/li>\n<li><a href=\"https:\/\/news.google.com\/rss\/articles\/CBMi4AFBVV95cUxPaEN0VUhDbnZkODc1YXhXRkZOYTVLQjZSc3R2V1MzZllvY21lLWREUVBLdFpuSGRRNlBDYzBNakdSamZWRU82elN6U2RQZUNSdnhiV3dWVUlkRS0yMXlHZ3Y3UXJnNFB0NXZhOVo4M2J3NFM3QUJMUWZFdl9vTjJiOU9qUmFnZlhqaWhsc3lBY1d3T0h6T2pWRUhxYk1xS08wQThxQ3BzVEYzaXh1Smd5OXVmc2N0cTFHejFyYUVqY2V3eFJfak9ZT3FEMkVZQ2trVVlfSEhwdG1iNG5rVGI5eQ?oc=5\" target=\"_blank\" rel=\"nofollow noopener\">Palju \u00f5nne, Arsenal! Bournemouth viigistas Cityga ja kinkis Londoni klubile 22 aasta j\u00e4rel Inglismaa meistritiitli<\/a>&nbsp;&nbsp;Soccernet.ee<\/li>\n<li><a href=\"https:\/\/news.google.com\/rss\/articles\/CBMitAFBVV95cUxOcks3djhhSEt4WEJqLVZmUUtPd2dGQmF2cEtpbzlpVEdGc3FxeW5uaDlLMWMwSk90MFR2bkxwUjF0cWMzS0RPWmMtUXp0a3EwQ2MtQ1o2OUJ2YkRmT2tHU1Y3T0F6STNyT2NOd3FXQWpGUUViZk5qekMzZFl1cjlkYnRxcnU2elg0NFlXRnQzTm1rSHlLNTFLUG5GdjZnNERoWG56dXVQaGtWX3hBWERyX29ZMzA?oc=5\" target=\"_blank\" rel=\"nofollow noopener\">Anier sai punase, aga Havertz mitte ja Arsenali lahutab meistritiitlist vaid \u00fcks m\u00e4ng<\/a>&nbsp;&nbsp;Soccernet.ee<\/li>\n<\/ol>\n","protected":false},"excerpt":{"rendered":"22 aastat ootust on l\u00e4bi: Arsenal krooniti taas Inglismaa meistriks&nbsp;&nbsp;Postimees Sport Arsenal tuli \u00fcle paari aastak\u00fcmne taas Inglismaa&hellip;\n","protected":false},"author":2,"featured_media":182466,"comment_status":"","ping_status":"","sticky":false,"template":"","format":"standard","meta":{"footnotes":"","_share_on_mastodon":"0"},"categories":[5],"tags":[26,27,1099,37,33,35,80621,1888,34,36,31,32,21,80620,6428,28,29,4529,1614,5969,19,6938,25,23,24,22,2084,20,30],"class_list":["post-182465","post","type-post","status-publish","format-standard","has-post-thumbnail","category-uldised-uudised","tag-breaking-news","tag-breakingnews","tag-crystal-palace","tag-ee","tag-eesti","tag-eesti-keel","tag-emirates-stadium","tag-erling-haaland","tag-estonia","tag-estonian","tag-featured-news","tag-featurednews","tag-headlines","tag-ian-wright","tag-jose-mourinho","tag-latest-news","tag-latestnews","tag-londoni-arsenal","tag-manchester-city","tag-mikel-arteta","tag-news","tag-pep-guardiola","tag-populaarseimad-lood","tag-top-stories","tag-topstories","tag-uldised-uudised","tag-unai-emery","tag-uudised","tag-viimased-uudised"],"share_on_mastodon":{"url":"","error":""},"_links":{"self":[{"href":"https:\/\/www.europesays.com\/ee\/wp-json\/wp\/v2\/posts\/182465","targetHints":{"allow":["GET"]}}],"collection":[{"href":"https:\/\/www.europesays.com\/ee\/wp-json\/wp\/v2\/posts"}],"about":[{"href":"https:\/\/www.europesays.com\/ee\/wp-json\/wp\/v2\/types\/post"}],"author":[{"embeddable":true,"href":"https:\/\/www.europesays.com\/ee\/wp-json\/wp\/v2\/users\/2"}],"replies":[{"embeddable":true,"href":"https:\/\/www.europesays.com\/ee\/wp-json\/wp\/v2\/comments?post=182465"}],"version-history":[{"count":0,"href":"https:\/\/www.europesays.com\/ee\/wp-json\/wp\/v2\/posts\/182465\/revisions"}],"wp:featuredmedia":[{"embeddable":true,"href":"https:\/\/www.europesays.com\/ee\/wp-json\/wp\/v2\/media\/182466"}],"wp:attachment":[{"href":"https:\/\/www.europesays.com\/ee\/wp-json\/wp\/v2\/media?parent=182465"}],"wp:term":[{"taxonomy":"category","embeddable":true,"href":"https:\/\/www.europesays.com\/ee\/wp-json\/wp\/v2\/categories?post=182465"},{"taxonomy":"post_tag","embeddable":true,"href":"https:\/\/www.europesays.com\/ee\/wp-json\/wp\/v2\/tags?post=182465"}],"curies":[{"name":"wp","href":"https:\/\/api.w.org\/{rel}","templated":true}]}}