{"id":182558,"date":"2026-05-20T09:51:11","date_gmt":"2026-05-20T09:51:11","guid":{"rendered":"https:\/\/www.europesays.com\/ee\/182558\/"},"modified":"2026-05-20T09:51:11","modified_gmt":"2026-05-20T09:51:11","slug":"loomakaitsjad-arritusid-terviseameti-kampaania-peale-loomkatseid-kujutavad-reklaamid-ei-sobi-meie-vaartusruumi","status":"publish","type":"post","link":"https:\/\/www.europesays.com\/ee\/182558\/","title":{"rendered":"Loomakaitsjad \u00e4rritusid terviseameti kampaania peale: loomkatseid kujutavad reklaamid ei sobi meie v\u00e4\u00e4rtusruumi"},"content":{"rendered":"<p>\u201eM\u00f5istame kampaania eesm\u00e4rki ja peame oluliseks \u00fchiskonna teadlikkuse t\u00f5stmist tervise ohutuse teemadel. Samas leiame, et loomade kannatusi ja kosmeetikatoodete loomkatseid kujutavad reklaamid ei ole t\u00e4nap\u00e4eva v\u00e4\u00e4rtusruumis sobivad ega eetilised,\u201c kirjutab selts sotsiaalmeedias.<\/p>\n<p>Nad lisasid, et Euroopa Liidus on kosmeetikatoodete <a rel=\"noopener nofollow\" target=\"_blank\" href=\"https:\/\/www.delfi.ee\/teema\/56818098\/loomkatsed\" tag-id=\"56818098\">loomkatsed<\/a> keelatud ning neid peetakse laialdaselt ebaeetiliseks ja loomade heaolu kahjustavaks praktikaks. \u201eLoomade heaolu on osa hoolivast ja vastutustundlikust \u00fchiskonnast ning usume, et ka avalik kommunikatsioon peaks neid v\u00e4\u00e4rtusi toetama.\u201c<\/p>\n<p>Oled juba tellija?Logi sisse<\/p>\n<p><a href=\"https:\/\/www.delfi.ee\/artikkel\/120585096\/loomakaitsjad-arritusid-terviseameti-kampaania-peale-loomkatseid-kujutavad-reklaamid-ei-sobi-meie-vaartusruumi\/kommentaarid\" class=\"article-body-bottom__comment article-body-bottom__comment--write button button--primary button--size-auto\" rel=\"nofollow noopener\" target=\"_blank\"> Kommenteeri <\/a><a href=\"https:\/\/www.delfi.ee\/artikkel\/120585096\/loomakaitsjad-arritusid-terviseameti-kampaania-peale-loomkatseid-kujutavad-reklaamid-ei-sobi-meie-vaartusruumi\/kommentaarid\" class=\"article-body-bottom__comment article-body-bottom__comment--read button button--size-auto\" rel=\"nofollow noopener\" target=\"_blank\"> Loe kommentaare (11)<\/a><\/p>\n","protected":false},"excerpt":{"rendered":"\u201eM\u00f5istame kampaania eesm\u00e4rki ja peame oluliseks \u00fchiskonna teadlikkuse t\u00f5stmist tervise ohutuse teemadel. Samas leiame, et loomade kannatusi ja&hellip;\n","protected":false},"author":2,"featured_media":182559,"comment_status":"","ping_status":"","sticky":false,"template":"","format":"standard","meta":{"footnotes":"","_share_on_mastodon":"0"},"categories":[5],"tags":[26,27,37,33,35,34,36,31,32,21,28,29,80653,19,25,4744,23,24,22,20,30],"class_list":["post-182558","post","type-post","status-publish","format-standard","has-post-thumbnail","category-uldised-uudised","tag-breaking-news","tag-breakingnews","tag-ee","tag-eesti","tag-eesti-keel","tag-estonia","tag-estonian","tag-featured-news","tag-featurednews","tag-headlines","tag-latest-news","tag-latestnews","tag-loomkatsed","tag-news","tag-populaarseimad-lood","tag-terviseamet","tag-top-stories","tag-topstories","tag-uldised-uudised","tag-uudised","tag-viimased-uudised"],"share_on_mastodon":{"url":"https:\/\/pubeurope.com\/@ee\/116606290216073855","error":""},"_links":{"self":[{"href":"https:\/\/www.europesays.com\/ee\/wp-json\/wp\/v2\/posts\/182558","targetHints":{"allow":["GET"]}}],"collection":[{"href":"https:\/\/www.europesays.com\/ee\/wp-json\/wp\/v2\/posts"}],"about":[{"href":"https:\/\/www.europesays.com\/ee\/wp-json\/wp\/v2\/types\/post"}],"author":[{"embeddable":true,"href":"https:\/\/www.europesays.com\/ee\/wp-json\/wp\/v2\/users\/2"}],"replies":[{"embeddable":true,"href":"https:\/\/www.europesays.com\/ee\/wp-json\/wp\/v2\/comments?post=182558"}],"version-history":[{"count":0,"href":"https:\/\/www.europesays.com\/ee\/wp-json\/wp\/v2\/posts\/182558\/revisions"}],"wp:featuredmedia":[{"embeddable":true,"href":"https:\/\/www.europesays.com\/ee\/wp-json\/wp\/v2\/media\/182559"}],"wp:attachment":[{"href":"https:\/\/www.europesays.com\/ee\/wp-json\/wp\/v2\/media?parent=182558"}],"wp:term":[{"taxonomy":"category","embeddable":true,"href":"https:\/\/www.europesays.com\/ee\/wp-json\/wp\/v2\/categories?post=182558"},{"taxonomy":"post_tag","embeddable":true,"href":"https:\/\/www.europesays.com\/ee\/wp-json\/wp\/v2\/tags?post=182558"}],"curies":[{"name":"wp","href":"https:\/\/api.w.org\/{rel}","templated":true}]}}