{"id":182592,"date":"2026-05-20T10:34:09","date_gmt":"2026-05-20T10:34:09","guid":{"rendered":"https:\/\/www.europesays.com\/ee\/182592\/"},"modified":"2026-05-20T10:34:09","modified_gmt":"2026-05-20T10:34:09","slug":"geenius-kurikuulus-taitmisregister-on-nuud-andmejalgijas-kuid-geenius-leidis-sealt-kohe-vea","status":"publish","type":"post","link":"https:\/\/www.europesays.com\/ee\/182592\/","title":{"rendered":"GEENIUS | Kurikuulus t\u00e4itmisregister on n\u00fc\u00fcd andmej\u00e4lgijas, kuid Geenius leidis sealt kohe vea"},"content":{"rendered":"<p>Eesti digiriigi ajaloo \u00fcks viimaste aastate suuremaid andmeskandaale on saanud uue peat\u00fcki. Alates eelmisest n\u00e4dalast on igal kodanikul tehniliselt v\u00f5imalik eesti.ee keskkonnas n\u00e4ha, kas ja millal on tema andmeid t\u00e4itmisregistri kaudu vaadatud. Justiits- ja digiminister Liisa Pakosta kuulutas kommentaaris Geeniusele seda kui suurt v\u00f5itu kodanikuvabaduste ja l\u00e4bipaistvuse \u00fcle.<\/p>\n<p>Tegelikkuses on v\u00e4rskel s\u00fcsteemil k\u00fcljes rida t\u00f5siseid piiranguid. Tagatipuks tuvastas Geenius, et s\u00fcsteemis on viga, mist\u00f5ttu andmej\u00e4lgijasse ei teki kannet \u00fche kindla registri kohta, mille puhul ministeeriumist kinnitati toimetusele \u00fcle, et selline p\u00e4ring peab andmej\u00e4lgijas kajastuma.<\/p>\n<p>\u00d5iguskantsleri kantselei vaatest on t\u00e4itmisregistri puhul k\u00f5ige suuremaks murekohaks muudatus, mis lubaks inimeste finantsandmetes nuhkimisest teatada alles viis aastat hiljem.<\/p>\n<p>Kuidas see lugu Sind end tundma pani? Saada <a href=\"https:\/\/forte.delfi.ee\/artikkel\/120585049\/geenius-kurikuulus-taitmisregister-on-nuud-andmejalgijas-kuid-geenius-leidis-sealt-kohe-vea\/kommentaarid\" class=\"article-body-bottom__comment article-body-bottom__comment--write button button--primary button--size-auto\" rel=\"nofollow noopener\" target=\"_blank\"> Kommenteeri <\/a><a href=\"https:\/\/forte.delfi.ee\/artikkel\/120585049\/geenius-kurikuulus-taitmisregister-on-nuud-andmejalgijas-kuid-geenius-leidis-sealt-kohe-vea\/kommentaarid\" class=\"article-body-bottom__comment article-body-bottom__comment--read button button--size-auto\" rel=\"nofollow noopener\" target=\"_blank\"> Loe kommentaare (7)<\/a><\/p>\n","protected":false},"excerpt":{"rendered":"Eesti digiriigi ajaloo \u00fcks viimaste aastate suuremaid andmeskandaale on saanud uue peat\u00fcki. Alates eelmisest n\u00e4dalast on igal kodanikul&hellip;\n","protected":false},"author":2,"featured_media":182593,"comment_status":"","ping_status":"","sticky":false,"template":"","format":"standard","meta":{"footnotes":"","_share_on_mastodon":"0"},"categories":[12],"tags":[26,27,37,33,35,34,36,31,32,21,28,29,19,25,3460,23,24,22,20,30],"class_list":["post-182592","post","type-post","status-publish","format-standard","has-post-thumbnail","category-eesti","tag-breaking-news","tag-breakingnews","tag-ee","tag-eesti","tag-eesti-keel","tag-estonia","tag-estonian","tag-featured-news","tag-featurednews","tag-headlines","tag-latest-news","tag-latestnews","tag-news","tag-populaarseimad-lood","tag-taitmisregister","tag-top-stories","tag-topstories","tag-uldised-uudised","tag-uudised","tag-viimased-uudised"],"share_on_mastodon":{"url":"https:\/\/pubeurope.com\/@ee\/116606459087721460","error":""},"_links":{"self":[{"href":"https:\/\/www.europesays.com\/ee\/wp-json\/wp\/v2\/posts\/182592","targetHints":{"allow":["GET"]}}],"collection":[{"href":"https:\/\/www.europesays.com\/ee\/wp-json\/wp\/v2\/posts"}],"about":[{"href":"https:\/\/www.europesays.com\/ee\/wp-json\/wp\/v2\/types\/post"}],"author":[{"embeddable":true,"href":"https:\/\/www.europesays.com\/ee\/wp-json\/wp\/v2\/users\/2"}],"replies":[{"embeddable":true,"href":"https:\/\/www.europesays.com\/ee\/wp-json\/wp\/v2\/comments?post=182592"}],"version-history":[{"count":0,"href":"https:\/\/www.europesays.com\/ee\/wp-json\/wp\/v2\/posts\/182592\/revisions"}],"wp:featuredmedia":[{"embeddable":true,"href":"https:\/\/www.europesays.com\/ee\/wp-json\/wp\/v2\/media\/182593"}],"wp:attachment":[{"href":"https:\/\/www.europesays.com\/ee\/wp-json\/wp\/v2\/media?parent=182592"}],"wp:term":[{"taxonomy":"category","embeddable":true,"href":"https:\/\/www.europesays.com\/ee\/wp-json\/wp\/v2\/categories?post=182592"},{"taxonomy":"post_tag","embeddable":true,"href":"https:\/\/www.europesays.com\/ee\/wp-json\/wp\/v2\/tags?post=182592"}],"curies":[{"name":"wp","href":"https:\/\/api.w.org\/{rel}","templated":true}]}}